{"id":3509,"date":"2023-10-20T09:42:16","date_gmt":"2023-10-20T09:42:16","guid":{"rendered":"https:\/\/millinews.az\/xeber\/z%C9%99ngilanda-h%C9%99rbcil%C9%99rin-yurusu-kecirildi-video\/"},"modified":"2023-10-20T09:42:16","modified_gmt":"2023-10-20T09:42:16","slug":"z%C9%99ngilanda-h%C9%99rbcil%C9%99rin-yurusu-kecirildi-video","status":"publish","type":"post","link":"https:\/\/millitv.net\/?p=3509","title":{"rendered":"Z\u0259ngilanda h\u0259rb\u00e7il\u0259rin y\u00fcr\u00fc\u015f\u00fc ke\u00e7irildi &#8211; V\u0130DEO"},"content":{"rendered":"<p><img decoding=\"async\" src=\"https:\/\/Millinews.az\/storage\/2023\/10\/20\/767.jpg\" alt=\"\" title=\"\"><\/p>\n<div id=\"mvp-content-main\">\n<p><strong>20 oktyabr \u2013 Z\u0259ngilan \u015e\u0259h\u0259ri G\u00fcn\u00fcnd\u0259 h\u0259rb\u00e7il\u0259rin i\u015ftirak\u0131 il\u0259 y\u00fcr\u00fc\u015f t\u0259\u015fkil olunub.<\/strong><\/p>\n<p><strong><a target=\"_blank\" href=\"https:\/\/Millinews.az\" rel=\"noopener\">Millinews.az<\/a><\/strong> &#8220;Report<a href=\"https:\/\/report.az\/herbi-xeberler\/zengilanda-herbcilerin-yurusu-kecirilib\/\" target=\"_blank\" rel=\"noopener\">&#8220;<\/a>a istinad\u0259n x\u0259b\u0259r verir ki, \u0259vv\u0259lc\u0259 Z\u0259ngilan \u015e\u0259hidl\u0259r Xiyaban\u0131 ziyar\u0259t edil\u0259r\u0259k V\u0259t\u0259nimizin azadl\u0131\u011f\u0131 u\u011frunda can\u0131ndan ke\u00e7\u0259n \u0259ziz \u015f\u0259hidl\u0259rimizin xatir\u0259si bir d\u0259qiq\u0259lik s\u00fckutla yad edilib.<\/p>\n<p>\u015e\u0259h\u0259r G\u00fcn\u00fc m\u00fcnasib\u0259til\u0259 Z\u0259ngilan Konqres M\u0259rk\u0259zinin qar\u015f\u0131s\u0131nda y\u00fcr\u00fc\u015f ke\u00e7irilib. Y\u00fcr\u00fc\u015fd\u0259 Daxili \u0130\u015fl\u0259r Nazirliyi v\u0259 Daxili Qo\u015funlar\u0131n \u0259m\u0259kda\u015flar\u0131, el\u0259c\u0259 d\u0259 D\u00f6vl\u0259t S\u0259rh\u0259d Xidm\u0259tinin \u015f\u0259xsi hey\u0259ti i\u015ftirak edib.<\/p>\n<p>D\u00fcz 3 il bundan \u00f6nc\u0259 Z\u0259ngilan \u015f\u0259h\u0259ri 44 g\u00fcnl\u00fck V\u0259t\u0259n m\u00fcharib\u0259sind\u0259 d\u00fc\u015fm\u0259n tapda\u011f\u0131ndan azad olunub.<\/p>\n<p>Qeyd ed\u0259k ki, Prezident \u0130lham \u018fliyevin bu il iyulun 31-d\u0259 imzalad\u0131\u011f\u0131 <a href=\"https:\/\/report.az\/qarabag\/azad-edilmis-eraziler-uzre-seher-gunleri-tesis-edilib\/\" target=\"_blank\" rel=\"noopener\">s\u0259r\u0259ncama<\/a> \u0259sas\u0259n, h\u0259r il oktyabr\u0131n 20-d\u0259 Z\u0259ngilan \u015e\u0259h\u0259ri G\u00fcn\u00fc t\u0259nt\u0259n\u0259li \u015f\u0259kild\u0259 qeyd edil\u0259c\u0259k.<\/p>\n<p><iframe loading=\"lazy\" title=\"Z\u0259ngilan \u015f\u0259h\u0259rind\u0259 say\u011f\u0131 y\u00fcr\u00fc\u015f\u00fc ke\u00e7irilib\" width=\"500\" height=\"281\" src=\"https:\/\/www.youtube.com\/embed\/Ip8z-jp7pX4?feature=oembed\" frameborder=\"0\" allow=\"accelerometer; autoplay; clipboard-write; encrypted-media; gyroscope; picture-in-picture; web-share\" referrerpolicy=\"strict-origin-when-cross-origin\" allowfullscreen><\/iframe><\/p>\n<\/p><\/div>\n<p><script>\n        (function (d, s, id) {\n            var js, fjs = d.getElementsByTagName(s)[0];\n            if (d.getElementById(id)) return;\n            js = d.createElement(s);\n            js.id = id;\n            js.src = \"\/\/connect.facebook.net\/az_AZ\/sdk.js#xfbml=1&version=v2.7&appId=\";\n            fjs.parentNode.insertBefore(js, fjs);\n        }(document, 'script', 'facebook-jssdk'));\n    <\/script><\/p>\n","protected":false},"excerpt":{"rendered":"<p>20 oktyabr \u2013 Z\u0259ngilan \u015e\u0259h\u0259ri G\u00fcn\u00fcnd\u0259 h\u0259rb\u00e7il\u0259rin i\u015ftirak\u0131 il\u0259 y\u00fcr\u00fc\u015f t\u0259\u015fkil olunub. Millinews.az &#8220;Report&#8220;a istinad\u0259n x\u0259b\u0259r verir ki, \u0259vv\u0259lc\u0259 Z\u0259ngilan \u015e\u0259hidl\u0259r Xiyaban\u0131 ziyar\u0259t edil\u0259r\u0259k V\u0259t\u0259nimizin azadl\u0131\u011f\u0131 u\u011frunda can\u0131ndan ke\u00e7\u0259n \u0259ziz \u015f\u0259hidl\u0259rimizin xatir\u0259si bir d\u0259qiq\u0259lik s\u00fckutla yad edilib. \u015e\u0259h\u0259r G\u00fcn\u00fc m\u00fcnasib\u0259til\u0259 Z\u0259ngilan Konqres M\u0259rk\u0259zinin qar\u015f\u0131s\u0131nda y\u00fcr\u00fc\u015f ke\u00e7irilib. Y\u00fcr\u00fc\u015fd\u0259 Daxili \u0130\u015fl\u0259r Nazirliyi v\u0259 Daxili Qo\u015funlar\u0131n \u0259m\u0259kda\u015flar\u0131, el\u0259c\u0259 &hellip;<\/p>\n","protected":false},"author":1,"featured_media":3510,"comment_status":"open","ping_status":"closed","sticky":false,"template":"","format":"standard","meta":{"footnotes":""},"categories":[9],"tags":[],"class_list":["post-3509","post","type-post","status-publish","format-standard","has-post-thumbnail","hentry","category-xeber"],"_links":{"self":[{"href":"https:\/\/millitv.net\/index.php?rest_route=\/wp\/v2\/posts\/3509","targetHints":{"allow":["GET"]}}],"collection":[{"href":"https:\/\/millitv.net\/index.php?rest_route=\/wp\/v2\/posts"}],"about":[{"href":"https:\/\/millitv.net\/index.php?rest_route=\/wp\/v2\/types\/post"}],"author":[{"embeddable":true,"href":"https:\/\/millitv.net\/index.php?rest_route=\/wp\/v2\/users\/1"}],"replies":[{"embeddable":true,"href":"https:\/\/millitv.net\/index.php?rest_route=%2Fwp%2Fv2%2Fcomments&post=3509"}],"version-history":[{"count":0,"href":"https:\/\/millitv.net\/index.php?rest_route=\/wp\/v2\/posts\/3509\/revisions"}],"wp:featuredmedia":[{"embeddable":true,"href":"https:\/\/millitv.net\/index.php?rest_route=\/wp\/v2\/media\/3510"}],"wp:attachment":[{"href":"https:\/\/millitv.net\/index.php?rest_route=%2Fwp%2Fv2%2Fmedia&parent=3509"}],"wp:term":[{"taxonomy":"category","embeddable":true,"href":"https:\/\/millitv.net\/index.php?rest_route=%2Fwp%2Fv2%2Fcategories&post=3509"},{"taxonomy":"post_tag","embeddable":true,"href":"https:\/\/millitv.net\/index.php?rest_route=%2Fwp%2Fv2%2Ftags&post=3509"}],"curies":[{"name":"wp","href":"https:\/\/api.w.org\/{rel}","templated":true}]}}