{"id":3505,"date":"2023-10-20T09:27:39","date_gmt":"2023-10-20T09:27:39","guid":{"rendered":"https:\/\/millinews.az\/xeber\/bayden-z%C9%99ng-etdi-mahmud-abbas-cavab-verm%C9%99di\/"},"modified":"2023-10-20T09:27:39","modified_gmt":"2023-10-20T09:27:39","slug":"bayden-z%C9%99ng-etdi-mahmud-abbas-cavab-verm%C9%99di","status":"publish","type":"post","link":"https:\/\/millitv.net\/?p=3505","title":{"rendered":"Bayden z\u0259ng etdi, Mahmud Abbas cavab verm\u0259di"},"content":{"rendered":"<p><img decoding=\"async\" src=\"https:\/\/Millinews.az\/storage\/2020\/02\/02\/mahmud_abbas.jpg\" alt=\"\" title=\"\"><\/p>\n<div id=\"mvp-content-main\">\n<p><strong>F\u0259l\u0259stin Muxtariyy\u0259tinin prezidenti Mahmud Abbas AB\u015e prezidenti Co Baydenin \u0130srail\u0259 s\u0259f\u0259ri zaman\u0131 onunla telefonla dan\u0131\u015fmaqdan imtina edib.<\/strong><\/p>\n<p><strong><a target=\"_blank\" href=\"https:\/\/Millinews.az\" rel=\"noopener\">Millinews.az<\/a><\/strong> x\u0259b\u0259r verir ki, bu bar\u0259d\u0259 \u0130srailin ictimai telekanal\u0131 \u201cKan\u201d m\u0259lumat yay\u0131b. Ramallahdak\u0131 ad\u0131 a\u00e7\u0131qlanmayan f\u0259l\u0259stinli m\u0259nb\u0259y\u0259 istinadla yay\u0131mlanan m\u0259luymatda bildirilir ki, Bayden administrasiyas\u0131n\u0131n r\u0259smil\u0259ri liderl\u0259r aras\u0131nda telefon dan\u0131\u015f\u0131\u011f\u0131 t\u0259\u015fkil etm\u0259y\u0259 \u00e7al\u0131\u015f\u0131blar, lakin Abbas\u0131n t\u0259l\u0259bi r\u0259dd edib.<\/p>\n<p>O da bildirilir ki, Va\u015finqtonun H\u018fMAS-a qar\u015f\u0131 m\u00fcharib\u0259d\u0259 \u0130sraili d\u0259st\u0259kl\u0259m\u0259sin\u0259 v\u0259 bu h\u0259ft\u0259nin \u0259vv\u0259lind\u0259 \u0130ordaniyada ke\u00e7iril\u0259n sammitd\u0259 Bayden v\u0259 \u0259r\u0259b liderl\u0259ri il\u0259 g\u00f6zl\u0259nil\u0259n g\u00f6r\u00fc\u015f\u00fcn l\u0259\u011fv edilm\u0259sin\u0259 baxmayaraq, AB\u015e v\u0259 PA komandalar\u0131 aras\u0131nda t\u0259mas davam edir.<\/p>\n<p>Tural<\/p>\n<\/p><\/div>\n<p><script>\n        (function (d, s, id) {\n            var js, fjs = d.getElementsByTagName(s)[0];\n            if (d.getElementById(id)) return;\n            js = d.createElement(s);\n            js.id = id;\n            js.src = \"\/\/connect.facebook.net\/az_AZ\/sdk.js#xfbml=1&version=v2.7&appId=\";\n            fjs.parentNode.insertBefore(js, fjs);\n        }(document, 'script', 'facebook-jssdk'));\n    <\/script><\/p>\n","protected":false},"excerpt":{"rendered":"<p>F\u0259l\u0259stin Muxtariyy\u0259tinin prezidenti Mahmud Abbas AB\u015e prezidenti Co Baydenin \u0130srail\u0259 s\u0259f\u0259ri zaman\u0131 onunla telefonla dan\u0131\u015fmaqdan imtina edib. Millinews.az x\u0259b\u0259r verir ki, bu bar\u0259d\u0259 \u0130srailin ictimai telekanal\u0131 \u201cKan\u201d m\u0259lumat yay\u0131b. Ramallahdak\u0131 ad\u0131 a\u00e7\u0131qlanmayan f\u0259l\u0259stinli m\u0259nb\u0259y\u0259 istinadla yay\u0131mlanan m\u0259luymatda bildirilir ki, Bayden administrasiyas\u0131n\u0131n r\u0259smil\u0259ri liderl\u0259r aras\u0131nda telefon dan\u0131\u015f\u0131\u011f\u0131 t\u0259\u015fkil etm\u0259y\u0259 \u00e7al\u0131\u015f\u0131blar, lakin Abbas\u0131n t\u0259l\u0259bi r\u0259dd edib. O &hellip;<\/p>\n","protected":false},"author":1,"featured_media":3506,"comment_status":"open","ping_status":"closed","sticky":false,"template":"","format":"standard","meta":{"footnotes":""},"categories":[9],"tags":[],"class_list":["post-3505","post","type-post","status-publish","format-standard","has-post-thumbnail","hentry","category-xeber"],"_links":{"self":[{"href":"https:\/\/millitv.net\/index.php?rest_route=\/wp\/v2\/posts\/3505","targetHints":{"allow":["GET"]}}],"collection":[{"href":"https:\/\/millitv.net\/index.php?rest_route=\/wp\/v2\/posts"}],"about":[{"href":"https:\/\/millitv.net\/index.php?rest_route=\/wp\/v2\/types\/post"}],"author":[{"embeddable":true,"href":"https:\/\/millitv.net\/index.php?rest_route=\/wp\/v2\/users\/1"}],"replies":[{"embeddable":true,"href":"https:\/\/millitv.net\/index.php?rest_route=%2Fwp%2Fv2%2Fcomments&post=3505"}],"version-history":[{"count":0,"href":"https:\/\/millitv.net\/index.php?rest_route=\/wp\/v2\/posts\/3505\/revisions"}],"wp:featuredmedia":[{"embeddable":true,"href":"https:\/\/millitv.net\/index.php?rest_route=\/wp\/v2\/media\/3506"}],"wp:attachment":[{"href":"https:\/\/millitv.net\/index.php?rest_route=%2Fwp%2Fv2%2Fmedia&parent=3505"}],"wp:term":[{"taxonomy":"category","embeddable":true,"href":"https:\/\/millitv.net\/index.php?rest_route=%2Fwp%2Fv2%2Fcategories&post=3505"},{"taxonomy":"post_tag","embeddable":true,"href":"https:\/\/millitv.net\/index.php?rest_route=%2Fwp%2Fv2%2Ftags&post=3505"}],"curies":[{"name":"wp","href":"https:\/\/api.w.org\/{rel}","templated":true}]}}