{"id":3497,"date":"2023-10-20T08:57:01","date_gmt":"2023-10-20T08:57:01","guid":{"rendered":"https:\/\/millinews.az\/xeber\/yuks%C9%99k-bal-toplayan-t%C9%99l%C9%99b%C9%99l%C9%99rd%C9%99n-14-u-k%C9%99nd-m%C9%99kt%C9%99binin-m%C9%99zunlaridir\/"},"modified":"2023-10-20T08:57:01","modified_gmt":"2023-10-20T08:57:01","slug":"yuks%C9%99k-bal-toplayan-t%C9%99l%C9%99b%C9%99l%C9%99rd%C9%99n-14-u-k%C9%99nd-m%C9%99kt%C9%99binin-m%C9%99zunlaridir","status":"publish","type":"post","link":"https:\/\/millitv.net\/?p=3497","title":{"rendered":"Y\u00fcks\u0259k bal toplayan t\u0259l\u0259b\u0259l\u0259rd\u0259n 14-\u00fc k\u0259nd m\u0259kt\u0259binin m\u0259zunlar\u0131d\u0131r"},"content":{"rendered":"<div id=\"maincontent\">&#13;<br \/>\n        &#13;<\/p>\n<p><strong>\u201cAz\u0259rbaycan Respublikas\u0131nda 2023-c\u00fc ilin \u201cHeyd\u0259r \u018fliyev \u0130li\u201d elan edilm\u0259si il\u0259 ba\u011fl\u0131 D\u00f6vl\u0259t \u0130mtahan M\u0259rk\u0259zinin T\u0259dbirl\u0259r Plan\u0131\u201dna uy\u011fun olaraq \u201cHeyd\u0259r \u018fliyev v\u0259 Prezident T\u0259qa\u00fcd\u00e7\u00fcl\u0259ri: g\u0259l\u0259c\u0259y\u0259 \u00fcnvanlanan strategiya\u201d m\u00f6vzusunda t\u0259dbir ke\u00e7irilib.<\/strong><\/p>\n<p><a href=\"https:\/\/Millinews.az\" target=\"_blank\" class=\"kw-link\" rel=\"noopener\">Millinews.az<\/a> x\u0259b\u0259r verir ki, t\u0259dbird\u0259 elm v\u0259 t\u0259hsil naziri Emin \u018fmrullayev, D\u00f6vl\u0259t \u0130mtahan M\u0259rk\u0259zinin Direktorlar \u015euras\u0131n\u0131n s\u0259dri M\u0259leyk\u0259 Abbaszad\u0259, ali t\u0259hsil m\u00fc\u0259ssis\u0259l\u0259rinin rektorlar\u0131, 2001 v\u0259 2002-ci ill\u0259rd\u0259 q\u0259bul imtahanlar\u0131nda y\u00fcks\u0259k n\u0259tic\u0259 \u0259ld\u0259 etmi\u015f v\u0259 \u00fcmummilli lider Heyd\u0259r \u018fliyevl\u0259 g\u00f6r\u00fc\u015f\u0259n ilk Prezident t\u0259qa\u00fcd\u00e7\u00fcl\u0259ri, 2023-c\u00fc ild\u0259 ke\u00e7irilmi\u015f q\u0259bul imtahanlar\u0131nda ixtisas qruplar\u0131 \u00fczr\u0259 \u0259n y\u00fcks\u0259k n\u0259tic\u0259 g\u00f6st\u0259rmi\u015f v\u0259 Prezident t\u0259qa\u00fcd\u00fcn\u0259 layiq g\u00f6r\u00fcl\u0259n birinci kurs, h\u0259m\u00e7inin ali t\u0259hsil m\u00fc\u0259ssis\u0259l\u0259rinin Prezident t\u0259qa\u00fcd\u00fcn\u00fc qoruyub saxlayan yuxar\u0131 kurs t\u0259l\u0259b\u0259l\u0259ri v\u0259 q\u0259bul n\u0259tic\u0259l\u0259ri y\u00fcks\u0259k olan \u00fcmumt\u0259hsil m\u00fc\u0259ssis\u0259l\u0259rinin direktorlar\u0131 i\u015ftirak edibl\u0259r. &#13;\n<\/p>\n<p>D\u0130M-in Direktorlar \u015euras\u0131n\u0131n s\u0259dri M\u0259leyk\u0259 Abbaszad\u0259 qeyd edib ki, 2023-c\u00fc il Az\u0259rbaycan tarixind\u0259 \u0259n \u0259lam\u0259tdar il kimi yadda\u015flarda qalacaq:<\/p>\n<p>\u201cBu il h\u0259m \u201cHeyd\u0259r \u018fliyev \u0130li\u201d, h\u0259m d\u0259 Az\u0259rbaycan d\u00f6vl\u0259tinin \u00f6z torpaqlar\u0131nda suverenliyini tam b\u0259rpa etdiyi ildir. Ali Ba\u015f Komandan \u0130lham \u018fliyevin r\u0259hb\u0259rliyi alt\u0131nda Az\u0259rbaycan ordusu b\u00f6y\u00fck q\u0259hr\u0259manl\u0131q v\u0259 pe\u015f\u0259karl\u0131q n\u00fcmayi\u015f etdirib. Bu q\u0259l\u0259b\u0259nin t\u0259min olunmas\u0131nda \u0259n yeni texnologiyalarla t\u0259chiz edilmi\u015f milli ordumuzla yana\u015f\u0131, y\u00fcks\u0259kixtisasl\u0131 kadr potensial\u0131, intellektual ordumuz da rol oynay\u0131b. Burada \u0259yl\u0259\u015f\u0259nl\u0259r d\u0259 el\u0259 bizim intellektual ordumuzun n\u00fcmay\u0259nd\u0259l\u0259ridirl\u0259r\u201d.<\/p>\n<p>M\u0259leyk\u0259 Abbaszad\u0259 bu il ke\u00e7iril\u0259n q\u0259bul imtahanlar\u0131nda \u0259n y\u00fcks\u0259k bal toplayan 102 n\u0259f\u0259r Prezident t\u0259qa\u00fcd\u00fcn\u0259 layiq g\u00f6r\u00fcl\u0259n t\u0259l\u0259b\u0259l\u0259ri t\u0259brik edib v\u0259 onlara g\u0259l\u0259c\u0259k t\u0259hsil h\u0259yatlar\u0131nda u\u011furlar arzulay\u0131b.<\/p>\n<p>O qeyd edib ki, y\u00fcks\u0259k bal toplayan t\u0259l\u0259b\u0259l\u0259r aras\u0131nda 52 n\u0259f\u0259r regionlarda f\u0259aliyy\u0259t g\u00f6st\u0259r\u0259n m\u0259kt\u0259bl\u0259rin, o c\u00fcml\u0259d\u0259n 14 n\u0259f\u0259r k\u0259nd m\u0259kt\u0259binin m\u0259zunlar\u0131d\u0131r.<\/p>\n<p>Daha sonra \u201c\u0130lk Prezident t\u0259qa\u00fcd\u00e7\u00fcl\u0259ri\u201d filmi n\u00fcmayi\u015f etdirilib.<\/p>\n<p>T\u0259dbir konsert proqram\u0131 il\u0259 ba\u015fa \u00e7at\u0131b.&#13;<br \/>\n        &#13;<br \/>\n&#13;<br \/>\n        &#13;<br \/>\n&#13;\n        <\/p>\n<p><noscript><\/p>\n<p>You must enable Javascript on your browser for the site to work optimally and display sections completely.<\/p>\n<p><\/noscript>\t\t&#13;<br \/>\n\t\t&#13;\n    <\/div>\n<p><script type=\"text\/javascript\">jQuery(document).ready(function () {\n(function(d, s, id) {\n    var js, fjs = d.getElementsByTagName(s)[0];\n    if (d.getElementById(id))\n        return;\n    js = d.createElement(s);\n    js.id = id;\n    js.src = \"\/\/connect.facebook.net\/az_AZ\/all.js#xfbml=1&appId=1002485763137712\";\n    fjs.parentNode.insertBefore(js, fjs);\n}(document, 'script', 'facebook-jssdk'));                \n});<\/script><\/p>\n","protected":false},"excerpt":{"rendered":"<p>&#13; &#13; \u201cAz\u0259rbaycan Respublikas\u0131nda 2023-c\u00fc ilin \u201cHeyd\u0259r \u018fliyev \u0130li\u201d elan edilm\u0259si il\u0259 ba\u011fl\u0131 D\u00f6vl\u0259t \u0130mtahan M\u0259rk\u0259zinin T\u0259dbirl\u0259r Plan\u0131\u201dna uy\u011fun olaraq \u201cHeyd\u0259r \u018fliyev v\u0259 Prezident T\u0259qa\u00fcd\u00e7\u00fcl\u0259ri: g\u0259l\u0259c\u0259y\u0259 \u00fcnvanlanan strategiya\u201d m\u00f6vzusunda t\u0259dbir ke\u00e7irilib. Millinews.az x\u0259b\u0259r verir ki, t\u0259dbird\u0259 elm v\u0259 t\u0259hsil naziri Emin \u018fmrullayev, D\u00f6vl\u0259t \u0130mtahan M\u0259rk\u0259zinin Direktorlar \u015euras\u0131n\u0131n s\u0259dri M\u0259leyk\u0259 Abbaszad\u0259, ali t\u0259hsil m\u00fc\u0259ssis\u0259l\u0259rinin rektorlar\u0131, 2001 &hellip;<\/p>\n","protected":false},"author":1,"featured_media":3498,"comment_status":"open","ping_status":"closed","sticky":false,"template":"","format":"standard","meta":{"footnotes":""},"categories":[9],"tags":[],"class_list":["post-3497","post","type-post","status-publish","format-standard","has-post-thumbnail","hentry","category-xeber"],"_links":{"self":[{"href":"https:\/\/millitv.net\/index.php?rest_route=\/wp\/v2\/posts\/3497","targetHints":{"allow":["GET"]}}],"collection":[{"href":"https:\/\/millitv.net\/index.php?rest_route=\/wp\/v2\/posts"}],"about":[{"href":"https:\/\/millitv.net\/index.php?rest_route=\/wp\/v2\/types\/post"}],"author":[{"embeddable":true,"href":"https:\/\/millitv.net\/index.php?rest_route=\/wp\/v2\/users\/1"}],"replies":[{"embeddable":true,"href":"https:\/\/millitv.net\/index.php?rest_route=%2Fwp%2Fv2%2Fcomments&post=3497"}],"version-history":[{"count":0,"href":"https:\/\/millitv.net\/index.php?rest_route=\/wp\/v2\/posts\/3497\/revisions"}],"wp:featuredmedia":[{"embeddable":true,"href":"https:\/\/millitv.net\/index.php?rest_route=\/wp\/v2\/media\/3498"}],"wp:attachment":[{"href":"https:\/\/millitv.net\/index.php?rest_route=%2Fwp%2Fv2%2Fmedia&parent=3497"}],"wp:term":[{"taxonomy":"category","embeddable":true,"href":"https:\/\/millitv.net\/index.php?rest_route=%2Fwp%2Fv2%2Fcategories&post=3497"},{"taxonomy":"post_tag","embeddable":true,"href":"https:\/\/millitv.net\/index.php?rest_route=%2Fwp%2Fv2%2Ftags&post=3497"}],"curies":[{"name":"wp","href":"https:\/\/api.w.org\/{rel}","templated":true}]}}