{"id":3481,"date":"2023-10-20T07:49:38","date_gmt":"2023-10-20T07:49:38","guid":{"rendered":"https:\/\/millinews.az\/xeber\/bu-universitetin-prorektoru-v%C9%99zif%C9%99d%C9%99n-azad-edildi\/"},"modified":"2023-10-20T07:49:38","modified_gmt":"2023-10-20T07:49:38","slug":"bu-universitetin-prorektoru-v%C9%99zif%C9%99d%C9%99n-azad-edildi","status":"publish","type":"post","link":"https:\/\/millitv.net\/?p=3481","title":{"rendered":"Bu universitetin prorektoru v\u0259zif\u0259d\u0259n azad edildi"},"content":{"rendered":"<div id=\"maincontent\">&#13;<br \/>\n        &#13;<\/p>\n<p><strong>Sumqay\u0131t D\u00f6vl\u0259t Universitetinin prorektoru Atayev Qafar N\u0259riman o\u011flu v\u0259zif\u0259sind\u0259n azad olunub.<\/strong><\/p>\n<p><a href=\"https:\/\/Millinews.az\" target=\"_blank\" class=\"kw-link\" rel=\"noopener\">Millinews.az<\/a> &#8220;Report&#8221;a istinad\u0259n x\u0259b\u0259r verir ki, o, \u00f6z \u0259riz\u0259si \u0259sas\u0131nda v\u0259zif\u0259d\u0259n azad edilib. &#13;\n<\/p>\n<p>M\u0259lumata g\u00f6r\u0259, Qafar Atayev ixtisasca m\u00fch\u0259ndis oldu\u011fu \u00fc\u00e7\u00fcn o, bundan sonra M\u00fch\u0259ndislik fak\u00fclt\u0259sind\u0259 m\u00fc\u0259llim kimi f\u0259aliyy\u0259t g\u00f6st\u0259r\u0259c\u0259k.<\/p>\n<p>Qeyd ed\u0259k ki, Qafar Atayev 1960-c\u0131 ilin sentyabr ay\u0131n\u0131n 3-d\u0259 Salyan rayonunun Yenik\u0259nd k\u0259ndind\u0259 anadan olub. 2014-c\u00fc il yanvar ay\u0131n\u0131n 16-da Sumqay\u0131t D\u00f6vl\u0259t Universitetinin Qiyabi, distant v\u0259 \u0259lav\u0259 t\u0259hsil \u00fczr\u0259 prorektoru v\u0259zif\u0259sin\u0259 t\u0259yin edilib. 2019-cu il iyun ay\u0131n\u0131n 18-d\u0259 Sumqay\u0131t D\u00f6vl\u0259t Universitetinin Beyn\u0259lxalq \u0259laq\u0259l\u0259r \u00fczr\u0259 prorektor v\u0259zif\u0259sin\u0259 t\u0259yin olunub. 2002-ci ild\u0259 namiz\u0259dlik dissertasiyas\u0131n\u0131 m\u00fcdafi\u0259 ed\u0259r\u0259k fizika-riyaziyyat elml\u0259ri namiz\u0259di ad\u0131na, 2016-c\u0131 ild\u0259 is\u0259 dosent elmi ad\u0131na layiq g\u00f6r\u00fcl\u00fcb.<\/p>\n<p>30-dan \u00e7ox elmi m\u0259qal\u0259nin, 2 d\u0259rs v\u0259saitinin v\u0259 3 t\u0259dris-metodik g\u00f6st\u0259ri\u015fin m\u00fc\u0259llifidir.&#13;<br \/>\n        &#13;<br \/>\n&#13;<br \/>\n        &#13;<br \/>\n&#13;\n        <\/p>\n<p><noscript><\/p>\n<p>You must enable Javascript on your browser for the site to work optimally and display sections completely.<\/p>\n<p><\/noscript>\t\t&#13;<br \/>\n\t\t&#13;\n    <\/div>\n<p><script type=\"text\/javascript\">jQuery(document).ready(function () {\n(function(d, s, id) {\n    var js, fjs = d.getElementsByTagName(s)[0];\n    if (d.getElementById(id))\n        return;\n    js = d.createElement(s);\n    js.id = id;\n    js.src = \"\/\/connect.facebook.net\/az_AZ\/all.js#xfbml=1&appId=1002485763137712\";\n    fjs.parentNode.insertBefore(js, fjs);\n}(document, 'script', 'facebook-jssdk'));                \n});<\/script><\/p>\n","protected":false},"excerpt":{"rendered":"<p>&#13; &#13; Sumqay\u0131t D\u00f6vl\u0259t Universitetinin prorektoru Atayev Qafar N\u0259riman o\u011flu v\u0259zif\u0259sind\u0259n azad olunub. Millinews.az &#8220;Report&#8221;a istinad\u0259n x\u0259b\u0259r verir ki, o, \u00f6z \u0259riz\u0259si \u0259sas\u0131nda v\u0259zif\u0259d\u0259n azad edilib. &#13; M\u0259lumata g\u00f6r\u0259, Qafar Atayev ixtisasca m\u00fch\u0259ndis oldu\u011fu \u00fc\u00e7\u00fcn o, bundan sonra M\u00fch\u0259ndislik fak\u00fclt\u0259sind\u0259 m\u00fc\u0259llim kimi f\u0259aliyy\u0259t g\u00f6st\u0259r\u0259c\u0259k. Qeyd ed\u0259k ki, Qafar Atayev 1960-c\u0131 ilin sentyabr ay\u0131n\u0131n 3-d\u0259 Salyan &hellip;<\/p>\n","protected":false},"author":1,"featured_media":3482,"comment_status":"open","ping_status":"closed","sticky":false,"template":"","format":"standard","meta":{"footnotes":""},"categories":[9],"tags":[],"class_list":["post-3481","post","type-post","status-publish","format-standard","has-post-thumbnail","hentry","category-xeber"],"_links":{"self":[{"href":"https:\/\/millitv.net\/index.php?rest_route=\/wp\/v2\/posts\/3481","targetHints":{"allow":["GET"]}}],"collection":[{"href":"https:\/\/millitv.net\/index.php?rest_route=\/wp\/v2\/posts"}],"about":[{"href":"https:\/\/millitv.net\/index.php?rest_route=\/wp\/v2\/types\/post"}],"author":[{"embeddable":true,"href":"https:\/\/millitv.net\/index.php?rest_route=\/wp\/v2\/users\/1"}],"replies":[{"embeddable":true,"href":"https:\/\/millitv.net\/index.php?rest_route=%2Fwp%2Fv2%2Fcomments&post=3481"}],"version-history":[{"count":0,"href":"https:\/\/millitv.net\/index.php?rest_route=\/wp\/v2\/posts\/3481\/revisions"}],"wp:featuredmedia":[{"embeddable":true,"href":"https:\/\/millitv.net\/index.php?rest_route=\/wp\/v2\/media\/3482"}],"wp:attachment":[{"href":"https:\/\/millitv.net\/index.php?rest_route=%2Fwp%2Fv2%2Fmedia&parent=3481"}],"wp:term":[{"taxonomy":"category","embeddable":true,"href":"https:\/\/millitv.net\/index.php?rest_route=%2Fwp%2Fv2%2Fcategories&post=3481"},{"taxonomy":"post_tag","embeddable":true,"href":"https:\/\/millitv.net\/index.php?rest_route=%2Fwp%2Fv2%2Ftags&post=3481"}],"curies":[{"name":"wp","href":"https:\/\/api.w.org\/{rel}","templated":true}]}}