{"id":3459,"date":"2023-10-20T06:38:59","date_gmt":"2023-10-20T06:38:59","guid":{"rendered":"https:\/\/millinews.az\/xeber\/fransa-bizi-minill%C9%99rdir-yasadigimiz-%C9%99razil%C9%99rd%C9%99n-qovub\/"},"modified":"2023-10-20T06:38:59","modified_gmt":"2023-10-20T06:38:59","slug":"fransa-bizi-minill%C9%99rdir-yasadigimiz-%C9%99razil%C9%99rd%C9%99n-qovub","status":"publish","type":"post","link":"https:\/\/millitv.net\/?p=3459","title":{"rendered":"&#8220;Fransa bizi minill\u0259rdir ya\u015fad\u0131\u011f\u0131m\u0131z \u0259razil\u0259rd\u0259n qovub&#8221;"},"content":{"rendered":"<p><img decoding=\"async\" src=\"https:\/\/Millinews.az\/storage\/2023\/10\/20\/77.jpg\" alt=\"\" title=\"\"><\/p>\n<div id=\"mvp-content-main\">\n<p><strong>&#8220;Fransa bizi minill\u0259rdir m\u0259skunla\u015fd\u0131\u011f\u0131m\u0131z \u0259razil\u0259rd\u0259n qovub&#8221;.<\/strong><\/p>\n<p><strong><a target=\"_blank\" href=\"https:\/\/Millinews.az\" rel=\"noopener\">Millinews.az<\/a> <\/strong>x\u0259b\u0259r verir ki, bunu Martinikan\u0131n Azadl\u0131q Partiyas\u0131n\u0131n n\u00fcmay\u0259nd\u0259si Lyuk Frensis Kerol Bak\u0131da \u201cNeokolonializm: \u0130nsan h\u00fcquqlar\u0131n\u0131n pozulmas\u0131 v\u0259 \u0259dal\u0259tsizlik\u201d m\u00f6vzusunda ke\u00e7iril\u0259n beyn\u0259lxalq konfransda deyib.<\/p>\n<p>O, bu g\u00fcn d\u0259 Fransa m\u00fcst\u0259ml\u0259k\u0259\u00e7iliyinin davam etdiyini bildirib: &#8220;Haz\u0131rda Bak\u0131da m\u00fczakir\u0259l\u0259r apard\u0131\u011f\u0131m\u0131z vaxtda insan h\u0259yatlar\u0131 t\u0259hl\u00fck\u0259y\u0259 at\u0131l\u0131r&#8221;.<\/p>\n<p>Lyuk Frensis Kerol Az\u0259rbaycan d\u00f6vl\u0259tin\u0259 s\u0259sl\u0259rinin e\u015fidlilm\u0259sin\u0259 d\u0259st\u0259k verdiyin\u0259 g\u00f6r\u0259 d\u0259 t\u0259\u015f\u0259kk\u00fcr edib: &#8220;Az\u0259rbaycana s\u0259yl\u0259rin\u0259 g\u00f6r\u0259 t\u0259\u015f\u0259kk\u00fcr edir\u0259m. Biz bu g\u00fcnl\u0259rd\u0259 Afrikadak\u0131 neokolonializm haqq\u0131nda dan\u0131\u015fmaq imkan\u0131na sahibik. Biz onu dem\u0259liyik ki, minillikl\u0259r \u0259rzind\u0259 m\u0259skunla\u015fd\u0131\u011f\u0131m\u0131z \u0259razil\u0259rd\u0259n Fransa t\u0259r\u0259find\u0259n qovulmu\u015fuq. Milyonlarla insan C\u0259nubi v\u0259 \u015eimali Amerikaya deportasiya edilib. Bu g\u00fcn Amerika qit\u0259sind\u0259 \u0259n kas\u0131b, yoxsul insanlar Afrikadan g\u0259l\u0259nl\u0259rdir. \u00c7\u00fcnki onlar Amerikaya deportasiya olunublar. Fransa d\u00f6vl\u0259ti is\u0259 problemimizin h\u0259lli il\u0259 m\u0259\u015f\u011ful olmaq ist\u0259mir&#8221;.<\/p>\n<\/p><\/div>\n<p><script>\n        (function (d, s, id) {\n            var js, fjs = d.getElementsByTagName(s)[0];\n            if (d.getElementById(id)) return;\n            js = d.createElement(s);\n            js.id = id;\n            js.src = \"\/\/connect.facebook.net\/az_AZ\/sdk.js#xfbml=1&version=v2.7&appId=\";\n            fjs.parentNode.insertBefore(js, fjs);\n        }(document, 'script', 'facebook-jssdk'));\n    <\/script><\/p>\n","protected":false},"excerpt":{"rendered":"<p>&#8220;Fransa bizi minill\u0259rdir m\u0259skunla\u015fd\u0131\u011f\u0131m\u0131z \u0259razil\u0259rd\u0259n qovub&#8221;. Millinews.az x\u0259b\u0259r verir ki, bunu Martinikan\u0131n Azadl\u0131q Partiyas\u0131n\u0131n n\u00fcmay\u0259nd\u0259si Lyuk Frensis Kerol Bak\u0131da \u201cNeokolonializm: \u0130nsan h\u00fcquqlar\u0131n\u0131n pozulmas\u0131 v\u0259 \u0259dal\u0259tsizlik\u201d m\u00f6vzusunda ke\u00e7iril\u0259n beyn\u0259lxalq konfransda deyib. O, bu g\u00fcn d\u0259 Fransa m\u00fcst\u0259ml\u0259k\u0259\u00e7iliyinin davam etdiyini bildirib: &#8220;Haz\u0131rda Bak\u0131da m\u00fczakir\u0259l\u0259r apard\u0131\u011f\u0131m\u0131z vaxtda insan h\u0259yatlar\u0131 t\u0259hl\u00fck\u0259y\u0259 at\u0131l\u0131r&#8221;. Lyuk Frensis Kerol Az\u0259rbaycan d\u00f6vl\u0259tin\u0259 s\u0259sl\u0259rinin e\u015fidlilm\u0259sin\u0259 &hellip;<\/p>\n","protected":false},"author":1,"featured_media":3460,"comment_status":"open","ping_status":"closed","sticky":false,"template":"","format":"standard","meta":{"footnotes":""},"categories":[9],"tags":[],"class_list":["post-3459","post","type-post","status-publish","format-standard","has-post-thumbnail","hentry","category-xeber"],"_links":{"self":[{"href":"https:\/\/millitv.net\/index.php?rest_route=\/wp\/v2\/posts\/3459","targetHints":{"allow":["GET"]}}],"collection":[{"href":"https:\/\/millitv.net\/index.php?rest_route=\/wp\/v2\/posts"}],"about":[{"href":"https:\/\/millitv.net\/index.php?rest_route=\/wp\/v2\/types\/post"}],"author":[{"embeddable":true,"href":"https:\/\/millitv.net\/index.php?rest_route=\/wp\/v2\/users\/1"}],"replies":[{"embeddable":true,"href":"https:\/\/millitv.net\/index.php?rest_route=%2Fwp%2Fv2%2Fcomments&post=3459"}],"version-history":[{"count":0,"href":"https:\/\/millitv.net\/index.php?rest_route=\/wp\/v2\/posts\/3459\/revisions"}],"wp:featuredmedia":[{"embeddable":true,"href":"https:\/\/millitv.net\/index.php?rest_route=\/wp\/v2\/media\/3460"}],"wp:attachment":[{"href":"https:\/\/millitv.net\/index.php?rest_route=%2Fwp%2Fv2%2Fmedia&parent=3459"}],"wp:term":[{"taxonomy":"category","embeddable":true,"href":"https:\/\/millitv.net\/index.php?rest_route=%2Fwp%2Fv2%2Fcategories&post=3459"},{"taxonomy":"post_tag","embeddable":true,"href":"https:\/\/millitv.net\/index.php?rest_route=%2Fwp%2Fv2%2Ftags&post=3459"}],"curies":[{"name":"wp","href":"https:\/\/api.w.org\/{rel}","templated":true}]}}