{"id":3457,"date":"2023-10-20T06:35:52","date_gmt":"2023-10-20T06:35:52","guid":{"rendered":"https:\/\/millinews.az\/xeber\/m%C9%99kt%C9%99b-direktoru-isd%C9%99n-cixarildi\/"},"modified":"2023-10-20T06:35:52","modified_gmt":"2023-10-20T06:35:52","slug":"m%C9%99kt%C9%99b-direktoru-isd%C9%99n-cixarildi","status":"publish","type":"post","link":"https:\/\/millitv.net\/?p=3457","title":{"rendered":"M\u0259kt\u0259b direktoru i\u015fd\u0259n \u00e7\u0131xar\u0131ld\u0131"},"content":{"rendered":"<div id=\"maincontent\">&#13;<br \/>\n        &#13;<\/p>\n<p><strong>Nax\u00e7\u0131vanda Heyd\u0259r \u018fliyev ad\u0131na tam orta m\u0259kt\u0259bin direktoru H\u0259s\u0259nova Elmira M\u00fcz\u0259ff\u0259r q\u0131z\u0131 i\u015fd\u0259n \u00e7\u0131xar\u0131l\u0131b.<\/strong><\/p>\n<p><a href=\"https:\/\/Millinews.az\" target=\"_blank\" class=\"kw-link\" rel=\"noopener\">Millinews.az<\/a> &#8220;Nuh\u00e7\u0131xan&#8221; informasiya agentliyin\u0259 istinad\u0259n x\u0259b\u0259r verir ki, bununla ba\u011fl\u0131 Nax\u00e7\u0131van Muxtar Respublikas\u0131 t\u0259hsil nazirinin m\u00fcavini, nazir v\u0259zif\u0259l\u0259rinin m\u00fcv\u0259qq\u0259ti icra\u00e7\u0131s\u0131 Elxan N\u0259c\u0259fov \u0259mr imzalay\u0131b. &#13;\n<\/p>\n<p>Direktor v\u0259zif\u0259si m\u00fcv\u0259qq\u0259ti olaraq m\u0259kt\u0259bin t\u0259lim-t\u0259rbiy\u0259 i\u015fl\u0259ri \u00fczr\u0259 direktor m\u00fcavini H\u0259s\u0259nov H\u0259s\u0259n M\u0259mm\u0259d o\u011fluna h\u0259val\u0259 olunub.&#13;<br \/>\n        &#13;<br \/>\n&#13;<br \/>\n        &#13;<br \/>\n&#13;\n        <\/p>\n<p><noscript><\/p>\n<p>You must enable Javascript on your browser for the site to work optimally and display sections completely.<\/p>\n<p><\/noscript>\t\t&#13;<br \/>\n\t\t&#13;\n    <\/div>\n<p><script type=\"text\/javascript\">jQuery(document).ready(function () {\n(function(d, s, id) {\n    var js, fjs = d.getElementsByTagName(s)[0];\n    if (d.getElementById(id))\n        return;\n    js = d.createElement(s);\n    js.id = id;\n    js.src = \"\/\/connect.facebook.net\/az_AZ\/all.js#xfbml=1&appId=1002485763137712\";\n    fjs.parentNode.insertBefore(js, fjs);\n}(document, 'script', 'facebook-jssdk'));                \n});<\/script><\/p>\n","protected":false},"excerpt":{"rendered":"<p>&#13; &#13; Nax\u00e7\u0131vanda Heyd\u0259r \u018fliyev ad\u0131na tam orta m\u0259kt\u0259bin direktoru H\u0259s\u0259nova Elmira M\u00fcz\u0259ff\u0259r q\u0131z\u0131 i\u015fd\u0259n \u00e7\u0131xar\u0131l\u0131b. Millinews.az &#8220;Nuh\u00e7\u0131xan&#8221; informasiya agentliyin\u0259 istinad\u0259n x\u0259b\u0259r verir ki, bununla ba\u011fl\u0131 Nax\u00e7\u0131van Muxtar Respublikas\u0131 t\u0259hsil nazirinin m\u00fcavini, nazir v\u0259zif\u0259l\u0259rinin m\u00fcv\u0259qq\u0259ti icra\u00e7\u0131s\u0131 Elxan N\u0259c\u0259fov \u0259mr imzalay\u0131b. &#13; Direktor v\u0259zif\u0259si m\u00fcv\u0259qq\u0259ti olaraq m\u0259kt\u0259bin t\u0259lim-t\u0259rbiy\u0259 i\u015fl\u0259ri \u00fczr\u0259 direktor m\u00fcavini H\u0259s\u0259nov H\u0259s\u0259n M\u0259mm\u0259d o\u011fluna &hellip;<\/p>\n","protected":false},"author":1,"featured_media":3458,"comment_status":"open","ping_status":"closed","sticky":false,"template":"","format":"standard","meta":{"footnotes":""},"categories":[9],"tags":[],"class_list":["post-3457","post","type-post","status-publish","format-standard","has-post-thumbnail","hentry","category-xeber"],"_links":{"self":[{"href":"https:\/\/millitv.net\/index.php?rest_route=\/wp\/v2\/posts\/3457","targetHints":{"allow":["GET"]}}],"collection":[{"href":"https:\/\/millitv.net\/index.php?rest_route=\/wp\/v2\/posts"}],"about":[{"href":"https:\/\/millitv.net\/index.php?rest_route=\/wp\/v2\/types\/post"}],"author":[{"embeddable":true,"href":"https:\/\/millitv.net\/index.php?rest_route=\/wp\/v2\/users\/1"}],"replies":[{"embeddable":true,"href":"https:\/\/millitv.net\/index.php?rest_route=%2Fwp%2Fv2%2Fcomments&post=3457"}],"version-history":[{"count":0,"href":"https:\/\/millitv.net\/index.php?rest_route=\/wp\/v2\/posts\/3457\/revisions"}],"wp:featuredmedia":[{"embeddable":true,"href":"https:\/\/millitv.net\/index.php?rest_route=\/wp\/v2\/media\/3458"}],"wp:attachment":[{"href":"https:\/\/millitv.net\/index.php?rest_route=%2Fwp%2Fv2%2Fmedia&parent=3457"}],"wp:term":[{"taxonomy":"category","embeddable":true,"href":"https:\/\/millitv.net\/index.php?rest_route=%2Fwp%2Fv2%2Fcategories&post=3457"},{"taxonomy":"post_tag","embeddable":true,"href":"https:\/\/millitv.net\/index.php?rest_route=%2Fwp%2Fv2%2Ftags&post=3457"}],"curies":[{"name":"wp","href":"https:\/\/api.w.org\/{rel}","templated":true}]}}