{"id":3445,"date":"2023-10-20T05:41:22","date_gmt":"2023-10-20T05:41:22","guid":{"rendered":"https:\/\/millinews.az\/xeber\/z%C9%99ngilan-s%C9%99h%C9%99ri-bel%C9%99-olacaq-video\/"},"modified":"2023-10-20T05:41:22","modified_gmt":"2023-10-20T05:41:22","slug":"z%C9%99ngilan-s%C9%99h%C9%99ri-bel%C9%99-olacaq-video","status":"publish","type":"post","link":"https:\/\/millitv.net\/?p=3445","title":{"rendered":"Z\u0259ngilan \u015f\u0259h\u0259ri bel\u0259 olacaq &#8211; V\u0130DEO"},"content":{"rendered":"<div id=\"maincontent\">&#13;<br \/>\n        &#13;<\/p>\n<p><strong>\u00dc\u00e7 il bundan \u00f6nc\u0259 Z\u0259ngilan \u015f\u0259h\u0259ri \u00f6z azadl\u0131\u011f\u0131na qovu\u015fub.<\/strong><\/p>\n<p><a href=\"https:\/\/Millinews.az\" target=\"_blank\" class=\"kw-link\" rel=\"noopener\">Millinews.az<\/a> x\u0259b\u0259r verir ki, onun azad edildiyi tarix art\u0131q \u015f\u0259h\u0259r g\u00fcn\u00fc kimi qeyd edilir. &#13;\n<\/p>\n<p>Az\u0259rbaycan Respublikas\u0131n\u0131n i\u015f\u011faldan azad edilmi\u015f \u0259razil\u0259rin\u0259 B\u00f6y\u00fck Qay\u0131d\u0131\u015fa dair I D\u00f6vl\u0259t Proqram\u0131 \u00e7\u0259r\u00e7iv\u0259sind\u0259 \u00f6z \u0259srar\u0259ngiz t\u0259bi\u0259ti il\u0259 se\u00e7il\u0259n Z\u0259ngilan \u015f\u0259h\u0259ri bu g\u00fcn tamamil\u0259 yenid\u0259n qurulur. T\u0259qdim olunan videoda bu \u015f\u0259h\u0259rin g\u0259l\u0259c\u0259k m\u0259nz\u0259r\u0259si \u0259ks olunur.<\/p>\n<p>Az\u0259rbaycan Respublikas\u0131n\u0131n i\u015f\u011faldan azad edilmi\u015f \u0259razil\u0259ri \u00fczr\u0259 \u015f\u0259h\u0259r g\u00fcnl\u0259rinin t\u0259sis edilm\u0259si haqq\u0131nda Az\u0259rbaycan Respublikas\u0131 Prezidenti \u0130lham \u018fliyevin s\u0259r\u0259ncam\u0131na \u0259sas\u0259n, 20 oktyabr \u2013 Z\u0259ngilan \u015e\u0259h\u0259ri G\u00fcn\u00fc kimi qeyd olunur.<\/p>\n<p><iframe loading=\"lazy\" width=\"670\" height=\"400\" src=\"https:\/\/newstube.az\/embed\/158475\" frameborder=\"0\" allowfullscreen=\"\"><\/iframe><br \/>&#13;<br \/>\n        &#13;<br \/>\n&#13;<br \/>\n        &#13;<br \/>\n&#13;\n        <\/p>\n<p><noscript><\/p>\n<p>You must enable Javascript on your browser for the site to work optimally and display sections completely.<\/p>\n<p><\/noscript>\t\t&#13;<br \/>\n\t\t&#13;\n    <\/div>\n<p><script type=\"text\/javascript\">jQuery(document).ready(function () {\n(function(d, s, id) {\n    var js, fjs = d.getElementsByTagName(s)[0];\n    if (d.getElementById(id))\n        return;\n    js = d.createElement(s);\n    js.id = id;\n    js.src = \"\/\/connect.facebook.net\/az_AZ\/all.js#xfbml=1&appId=1002485763137712\";\n    fjs.parentNode.insertBefore(js, fjs);\n}(document, 'script', 'facebook-jssdk'));                \n});<\/script><\/p>\n","protected":false},"excerpt":{"rendered":"<p>&#13; &#13; \u00dc\u00e7 il bundan \u00f6nc\u0259 Z\u0259ngilan \u015f\u0259h\u0259ri \u00f6z azadl\u0131\u011f\u0131na qovu\u015fub. Millinews.az x\u0259b\u0259r verir ki, onun azad edildiyi tarix art\u0131q \u015f\u0259h\u0259r g\u00fcn\u00fc kimi qeyd edilir. &#13; Az\u0259rbaycan Respublikas\u0131n\u0131n i\u015f\u011faldan azad edilmi\u015f \u0259razil\u0259rin\u0259 B\u00f6y\u00fck Qay\u0131d\u0131\u015fa dair I D\u00f6vl\u0259t Proqram\u0131 \u00e7\u0259r\u00e7iv\u0259sind\u0259 \u00f6z \u0259srar\u0259ngiz t\u0259bi\u0259ti il\u0259 se\u00e7il\u0259n Z\u0259ngilan \u015f\u0259h\u0259ri bu g\u00fcn tamamil\u0259 yenid\u0259n qurulur. T\u0259qdim olunan videoda bu &hellip;<\/p>\n","protected":false},"author":1,"featured_media":3446,"comment_status":"open","ping_status":"closed","sticky":false,"template":"","format":"standard","meta":{"footnotes":""},"categories":[9],"tags":[],"class_list":["post-3445","post","type-post","status-publish","format-standard","has-post-thumbnail","hentry","category-xeber"],"_links":{"self":[{"href":"https:\/\/millitv.net\/index.php?rest_route=\/wp\/v2\/posts\/3445","targetHints":{"allow":["GET"]}}],"collection":[{"href":"https:\/\/millitv.net\/index.php?rest_route=\/wp\/v2\/posts"}],"about":[{"href":"https:\/\/millitv.net\/index.php?rest_route=\/wp\/v2\/types\/post"}],"author":[{"embeddable":true,"href":"https:\/\/millitv.net\/index.php?rest_route=\/wp\/v2\/users\/1"}],"replies":[{"embeddable":true,"href":"https:\/\/millitv.net\/index.php?rest_route=%2Fwp%2Fv2%2Fcomments&post=3445"}],"version-history":[{"count":0,"href":"https:\/\/millitv.net\/index.php?rest_route=\/wp\/v2\/posts\/3445\/revisions"}],"wp:featuredmedia":[{"embeddable":true,"href":"https:\/\/millitv.net\/index.php?rest_route=\/wp\/v2\/media\/3446"}],"wp:attachment":[{"href":"https:\/\/millitv.net\/index.php?rest_route=%2Fwp%2Fv2%2Fmedia&parent=3445"}],"wp:term":[{"taxonomy":"category","embeddable":true,"href":"https:\/\/millitv.net\/index.php?rest_route=%2Fwp%2Fv2%2Fcategories&post=3445"},{"taxonomy":"post_tag","embeddable":true,"href":"https:\/\/millitv.net\/index.php?rest_route=%2Fwp%2Fv2%2Ftags&post=3445"}],"curies":[{"name":"wp","href":"https:\/\/api.w.org\/{rel}","templated":true}]}}