{"id":3395,"date":"2023-10-19T21:34:09","date_gmt":"2023-10-19T21:34:09","guid":{"rendered":"https:\/\/millinews.az\/xeber\/israil-ordusu-q%C9%99zza-zolagina-hucum-etm%C9%99y%C9%99-hazirdir\/"},"modified":"2023-10-19T21:34:09","modified_gmt":"2023-10-19T21:34:09","slug":"israil-ordusu-q%C9%99zza-zolagina-hucum-etm%C9%99y%C9%99-hazirdir","status":"publish","type":"post","link":"https:\/\/millitv.net\/?p=3395","title":{"rendered":"\u0130srail ordusu Q\u0259zza zola\u011f\u0131na h\u00fccum etm\u0259y\u0259 haz\u0131rd\u0131r"},"content":{"rendered":"<p><img decoding=\"async\" src=\"https:\/\/Millinews.az\/storage\/2023\/10\/15\/israil.jpg\" alt=\"\" title=\"\"><\/p>\n<div id=\"mvp-content-main\">\n<p><strong>&#8220;\u0130srail ordusunun Q\u0259zza zola\u011f\u0131na daxil olmas\u0131 bar\u0259d\u0259 \u0259mr tezlikl\u0259 veril\u0259c\u0259k&#8221;. <\/strong><\/p>\n<p><strong><a target=\"_blank\" href=\"https:\/\/Millinews.az\" rel=\"noopener\">Millinews.az<\/a><\/strong> x\u0259b\u0259r verir ki, bunu \u0130srailin m\u00fcdafi\u0259 naziri Yoav Qalant deyib.<\/p>\n<p>O qeyd edib ki, \u0130srail M\u00fcdafi\u0259 Q\u00fcvv\u0259l\u0259ri (IDF) Q\u0259zza zola\u011f\u0131na h\u00fccum etm\u0259y\u0259 haz\u0131rd\u0131r.<\/p>\n<p>&#8220;H\u0259l\u0259lik Q\u0259zzan\u0131 uzaqdan g\u00f6r\u00fcrs\u00fcn\u00fcz, amma tezlikl\u0259 onu i\u00e7\u0259rid\u0259n g\u00f6r\u0259c\u0259ksiniz. Bu \u0259mr g\u0259l\u0259c\u0259k\u201d, &#8211; nazir Q\u0259zza sektoru il\u0259 s\u0259rh\u0259dd\u0259ki \u0130srail h\u0259rbi m\u00f6vqel\u0259rin\u0259 s\u0259f\u0259ri zaman\u0131 deyib.<\/p>\n<p>\u00d6z n\u00f6vb\u0259sind\u0259, \u0130srail M\u00fcdafi\u0259 Ordusunun C\u0259nub H\u0259rbi Dair\u0259sinin komandan\u0131 general-mayor Yaron Finkelman Q\u0259zza zola\u011f\u0131na qurudan h\u00fccumun \u00e7\u0259tin, uzun v\u0259 g\u0259rgin olaca\u011f\u0131n\u0131 bildirib.<\/p>\n<p>\u0130srailin ba\u015f naziri Benyamin Netanyahu is\u0259 g\u00fcll\u0259ke\u00e7irm\u0259z jiletd\u0259 Q\u0259zza zola\u011f\u0131na h\u00fccum \u00fc\u00e7\u00fcn \u0130DF d\u00f6y\u00fc\u015f\u00e7\u00fcl\u0259rini psixoloji olaraq haz\u0131rlayan zaman \u00e7\u0259kilmi\u015f videosunu yay\u0131mlay\u0131b.<\/p>\n<p>&#8220;D\u00fc\u015fm\u0259nl\u0259rimiz\u0259 sars\u0131d\u0131c\u0131 z\u0259rb\u0259 vuraca\u011f\u0131q&#8221;, &#8211; Netanyahu qedy edib.<\/p>\n<p>Vur\u011fulan\u0131r ki, \u0130srail Amerika zirehli ma\u015f\u0131nlar\u0131n\u0131n ilk partiyas\u0131n\u0131 al\u0131b. \u0130srail M\u00fcdafi\u0259 Nazirliyinin m\u0259lumat\u0131na g\u00f6r\u0259 , zirehli cipl\u0259r d\u00f6y\u00fc\u015f \u0259m\u0259liyyatlar\u0131 zaman\u0131 z\u0259d\u0259l\u0259nmi\u015f avtomobill\u0259ri \u0259v\u0259z ed\u0259c\u0259k.<\/p>\n<p><strong>H\u00fcseyn \u0130badl\u0131<\/strong><\/p>\n<\/p><\/div>\n<p><script>\n        (function (d, s, id) {\n            var js, fjs = d.getElementsByTagName(s)[0];\n            if (d.getElementById(id)) return;\n            js = d.createElement(s);\n            js.id = id;\n            js.src = \"\/\/connect.facebook.net\/az_AZ\/sdk.js#xfbml=1&version=v2.7&appId=\";\n            fjs.parentNode.insertBefore(js, fjs);\n        }(document, 'script', 'facebook-jssdk'));\n    <\/script><\/p>\n","protected":false},"excerpt":{"rendered":"<p>&#8220;\u0130srail ordusunun Q\u0259zza zola\u011f\u0131na daxil olmas\u0131 bar\u0259d\u0259 \u0259mr tezlikl\u0259 veril\u0259c\u0259k&#8221;. Millinews.az x\u0259b\u0259r verir ki, bunu \u0130srailin m\u00fcdafi\u0259 naziri Yoav Qalant deyib. O qeyd edib ki, \u0130srail M\u00fcdafi\u0259 Q\u00fcvv\u0259l\u0259ri (IDF) Q\u0259zza zola\u011f\u0131na h\u00fccum etm\u0259y\u0259 haz\u0131rd\u0131r. &#8220;H\u0259l\u0259lik Q\u0259zzan\u0131 uzaqdan g\u00f6r\u00fcrs\u00fcn\u00fcz, amma tezlikl\u0259 onu i\u00e7\u0259rid\u0259n g\u00f6r\u0259c\u0259ksiniz. Bu \u0259mr g\u0259l\u0259c\u0259k\u201d, &#8211; nazir Q\u0259zza sektoru il\u0259 s\u0259rh\u0259dd\u0259ki \u0130srail h\u0259rbi m\u00f6vqel\u0259rin\u0259 &hellip;<\/p>\n","protected":false},"author":1,"featured_media":3396,"comment_status":"open","ping_status":"closed","sticky":false,"template":"","format":"standard","meta":{"footnotes":""},"categories":[9],"tags":[],"class_list":["post-3395","post","type-post","status-publish","format-standard","has-post-thumbnail","hentry","category-xeber"],"_links":{"self":[{"href":"https:\/\/millitv.net\/index.php?rest_route=\/wp\/v2\/posts\/3395","targetHints":{"allow":["GET"]}}],"collection":[{"href":"https:\/\/millitv.net\/index.php?rest_route=\/wp\/v2\/posts"}],"about":[{"href":"https:\/\/millitv.net\/index.php?rest_route=\/wp\/v2\/types\/post"}],"author":[{"embeddable":true,"href":"https:\/\/millitv.net\/index.php?rest_route=\/wp\/v2\/users\/1"}],"replies":[{"embeddable":true,"href":"https:\/\/millitv.net\/index.php?rest_route=%2Fwp%2Fv2%2Fcomments&post=3395"}],"version-history":[{"count":0,"href":"https:\/\/millitv.net\/index.php?rest_route=\/wp\/v2\/posts\/3395\/revisions"}],"wp:featuredmedia":[{"embeddable":true,"href":"https:\/\/millitv.net\/index.php?rest_route=\/wp\/v2\/media\/3396"}],"wp:attachment":[{"href":"https:\/\/millitv.net\/index.php?rest_route=%2Fwp%2Fv2%2Fmedia&parent=3395"}],"wp:term":[{"taxonomy":"category","embeddable":true,"href":"https:\/\/millitv.net\/index.php?rest_route=%2Fwp%2Fv2%2Fcategories&post=3395"},{"taxonomy":"post_tag","embeddable":true,"href":"https:\/\/millitv.net\/index.php?rest_route=%2Fwp%2Fv2%2Ftags&post=3395"}],"curies":[{"name":"wp","href":"https:\/\/api.w.org\/{rel}","templated":true}]}}