{"id":3391,"date":"2023-10-19T21:07:53","date_gmt":"2023-10-19T21:07:53","guid":{"rendered":"https:\/\/millinews.az\/xeber\/iran-erm%C9%99nip%C9%99r%C9%99st-siyas%C9%99t-aparir-v%C9%99-z%C9%99ng%C9%99zur-d%C9%99hlizinin\/"},"modified":"2023-10-19T21:07:53","modified_gmt":"2023-10-19T21:07:53","slug":"iran-erm%C9%99nip%C9%99r%C9%99st-siyas%C9%99t-aparir-v%C9%99-z%C9%99ng%C9%99zur-d%C9%99hlizinin","status":"publish","type":"post","link":"https:\/\/millitv.net\/?p=3391","title":{"rendered":"\u0130ran erm\u0259nip\u0259r\u0259st siyas\u0259t apar\u0131r v\u0259 Z\u0259ng\u0259zur d\u0259hlizinin&#8230;"},"content":{"rendered":"<p><img decoding=\"async\" src=\"https:\/\/Millinews.az\/storage\/2023\/10\/19\/huseyni.jpg\" alt=\"\" title=\"\"><\/p>\n<div id=\"mvp-content-main\">\n<p><strong>&#8220;Oktyabr\u0131n 17-d\u0259 Nikol Pa\u015finyan Avropa Parlamentind\u0259 \u00e7\u0131x\u0131\u015f ed\u0259r\u0259k, t\u0259kc\u0259 Qaraba\u011fdan \u00e7\u0131xan erm\u0259nil\u0259rin probleml\u0259rin\u0259 toxunmay\u0131b, k\u00f6m\u0259k ist\u0259yib, h\u0259m d\u0259 KTMT v\u0259 Rusiya Federasiyas\u0131n\u0131 t\u0259nqid edib. O, Avropa \u0130ttifaq\u0131 il\u0259 m\u00fcnasib\u0259tl\u0259rin d\u0259rinl\u0259\u015fm\u0259sinin Erm\u0259nistan \u00fc\u00e7\u00fcn faydal\u0131 olaca\u011f\u0131na \u00fcmid etdiyini bildirib&#8221;. <\/strong><\/p>\n<p><strong><a target=\"_blank\" href=\"https:\/\/Millinews.az\" rel=\"noopener\">Millinews.az<\/a> <\/strong>x\u0259b\u0259r verir ki, bu bar\u0259d\u0259 iranl\u0131 politoloq Pouya H\u00fcseyni \u201cHraparak\u201d q\u0259zetin\u0259 m\u00fcsahib\u0259 verib.<\/p>\n<p>O qeyd edib ki, \u0130randa Erm\u0259nistan hakimiyy\u0259tinin v\u0259 siyasi q\u00fcvv\u0259l\u0259rinin \u00e7\u0131x\u0131\u015flar\u0131n\u0131 v\u0259 a\u00e7\u0131qlamalar\u0131n\u0131 izl\u0259yirl\u0259r.<\/p>\n<p>\u201c\u0130ran h\u0259mi\u015f\u0259 \u00f6z s\u00f6z\u00fcn\u00fc a\u00e7\u0131q \u015f\u0259kild\u0259 deyib ki, arzuolunand\u0131r ki, Zaqafqaziya \u00f6lk\u0259l\u0259ri \u00f6z m\u0259s\u0259l\u0259l\u0259rini v\u0259 probleml\u0259rini bizim region \u00f6lk\u0259l\u0259ri il\u0259 h\u0259ll ed\u0259 bilsinl\u0259r, \u00e7\u00fcnki bizim region \u00f6lk\u0259l\u0259ri t\u0259hl\u00fck\u0259sizlik v\u0259 s\u00fclh\u00fcn b\u0259rq\u0259rar olmas\u0131nda daha \u00e7ox maraql\u0131d\u0131r. \u0130ran bu regiondan k\u0259nar \u00f6lk\u0259l\u0259rin bu prosesl\u0259rd\u0259 i\u015ftirak\u0131n\u0131n v\u0259 m\u00fcdaxil\u0259sinin real m\u0259qs\u0259dl\u0259rin\u0259 v\u0259 s\u0259mimiliyin\u0259 \u015f\u00fcbh\u0259 edir&#8221;, &#8211; H\u00fcseyni bildirib.<\/p>\n<p>\u0130ranl\u0131 politoloq deyib ki, \u0130ran m\u0259s\u0259l\u0259l\u0259rin region \u00f6lk\u0259l\u0259ri il\u0259 h\u0259ll edilm\u0259li oldu\u011funu dey\u0259nd\u0259, T\u00fcrkiy\u0259 v\u0259 Az\u0259rbaycan\u0131 n\u0259z\u0259rd\u0259 tutmur:<\/p>\n<p>&#8220;\u0130ran \u00f6z\u00fcn\u00fc n\u0259z\u0259rd\u0259 tutur, y\u0259ni Erm\u0259nistan\u0131n t\u0259hl\u00fck\u0259sizlik probleml\u0259rin\u0259 v\u0259 maraqlar\u0131na uy\u011fun g\u0259l\u0259n bu m\u0259s\u0259l\u0259l\u0259ri v\u0259 probleml\u0259ri \u00f6z m\u00fcdaxil\u0259si v\u0259 vasit\u0259\u00e7iliyi il\u0259 h\u0259ll etm\u0259kdir.<\/p>\n<p>\u0130ran\u0131n ayd\u0131n siyas\u0259ti v\u0259 \u00e7\u0131x\u0131\u015f\u0131 ondan ibar\u0259tdir ki, regionda he\u00e7 bir geosiyasi d\u0259yi\u015fiklik ba\u015f verm\u0259m\u0259li, b\u00f6lg\u0259d\u0259ki erm\u0259nil\u0259rin h\u00fcquqlar\u0131 v\u0259 t\u0259hl\u00fck\u0259sizliyi qorunmal\u0131d\u0131r&#8221;.<\/p>\n<p>&#8220;Bu, \u0130ran t\u0259r\u0259fd\u0259n erm\u0259nip\u0259r\u0259st m\u00f6vqedir v\u0259 \u0130ran\u0131n vasit\u0259\u00e7iliyi il\u0259 dan\u0131\u015f\u0131qlar apar\u0131larsa, Erm\u0259nistan\u0131n maraqlar\u0131n\u0131 daha ayd\u0131n v\u0259 g\u00fccl\u00fc \u015f\u0259kild\u0259 qoruya bil\u0259r. Son ill\u0259r \u0130ran\u0131n \u00f6z siyas\u0259ti il\u0259 Z\u0259ng\u0259zur d\u0259hlizinin a\u00e7\u0131lmas\u0131na v\u0259 h\u0259r hans\u0131 geosiyasi d\u0259yi\u015fikliyin ba\u015f verm\u0259sin\u0259 imkan verm\u0259diyinin \u015fahidi olduq. O, h\u0259mi\u015f\u0259 b\u0259yan edib ki, bunlar qanunsuz h\u0259r\u0259k\u0259tl\u0259rdir v\u0259 istisna edilm\u0259lidir&#8221;, &#8211; iranl\u0131 politoloq bildirib.<\/p>\n<p><strong>H\u00fcseyn \u0130badl\u0131<\/strong><\/p>\n<\/p><\/div>\n<p><script>\n        (function (d, s, id) {\n            var js, fjs = d.getElementsByTagName(s)[0];\n            if (d.getElementById(id)) return;\n            js = d.createElement(s);\n            js.id = id;\n            js.src = \"\/\/connect.facebook.net\/az_AZ\/sdk.js#xfbml=1&version=v2.7&appId=\";\n            fjs.parentNode.insertBefore(js, fjs);\n        }(document, 'script', 'facebook-jssdk'));\n    <\/script><\/p>\n","protected":false},"excerpt":{"rendered":"<p>&#8220;Oktyabr\u0131n 17-d\u0259 Nikol Pa\u015finyan Avropa Parlamentind\u0259 \u00e7\u0131x\u0131\u015f ed\u0259r\u0259k, t\u0259kc\u0259 Qaraba\u011fdan \u00e7\u0131xan erm\u0259nil\u0259rin probleml\u0259rin\u0259 toxunmay\u0131b, k\u00f6m\u0259k ist\u0259yib, h\u0259m d\u0259 KTMT v\u0259 Rusiya Federasiyas\u0131n\u0131 t\u0259nqid edib. O, Avropa \u0130ttifaq\u0131 il\u0259 m\u00fcnasib\u0259tl\u0259rin d\u0259rinl\u0259\u015fm\u0259sinin Erm\u0259nistan \u00fc\u00e7\u00fcn faydal\u0131 olaca\u011f\u0131na \u00fcmid etdiyini bildirib&#8221;. Millinews.az x\u0259b\u0259r verir ki, bu bar\u0259d\u0259 iranl\u0131 politoloq Pouya H\u00fcseyni \u201cHraparak\u201d q\u0259zetin\u0259 m\u00fcsahib\u0259 verib. O qeyd edib ki, &hellip;<\/p>\n","protected":false},"author":1,"featured_media":3392,"comment_status":"open","ping_status":"closed","sticky":false,"template":"","format":"standard","meta":{"footnotes":""},"categories":[9],"tags":[],"class_list":["post-3391","post","type-post","status-publish","format-standard","has-post-thumbnail","hentry","category-xeber"],"_links":{"self":[{"href":"https:\/\/millitv.net\/index.php?rest_route=\/wp\/v2\/posts\/3391","targetHints":{"allow":["GET"]}}],"collection":[{"href":"https:\/\/millitv.net\/index.php?rest_route=\/wp\/v2\/posts"}],"about":[{"href":"https:\/\/millitv.net\/index.php?rest_route=\/wp\/v2\/types\/post"}],"author":[{"embeddable":true,"href":"https:\/\/millitv.net\/index.php?rest_route=\/wp\/v2\/users\/1"}],"replies":[{"embeddable":true,"href":"https:\/\/millitv.net\/index.php?rest_route=%2Fwp%2Fv2%2Fcomments&post=3391"}],"version-history":[{"count":0,"href":"https:\/\/millitv.net\/index.php?rest_route=\/wp\/v2\/posts\/3391\/revisions"}],"wp:featuredmedia":[{"embeddable":true,"href":"https:\/\/millitv.net\/index.php?rest_route=\/wp\/v2\/media\/3392"}],"wp:attachment":[{"href":"https:\/\/millitv.net\/index.php?rest_route=%2Fwp%2Fv2%2Fmedia&parent=3391"}],"wp:term":[{"taxonomy":"category","embeddable":true,"href":"https:\/\/millitv.net\/index.php?rest_route=%2Fwp%2Fv2%2Fcategories&post=3391"},{"taxonomy":"post_tag","embeddable":true,"href":"https:\/\/millitv.net\/index.php?rest_route=%2Fwp%2Fv2%2Ftags&post=3391"}],"curies":[{"name":"wp","href":"https:\/\/api.w.org\/{rel}","templated":true}]}}