{"id":3382,"date":"2023-10-19T20:38:33","date_gmt":"2023-10-19T20:38:33","guid":{"rendered":"https:\/\/millinews.az\/xeber\/bu-gun-z%C9%99ngilan-s%C9%99h%C9%99ri-gunudur\/"},"modified":"2023-10-19T20:38:33","modified_gmt":"2023-10-19T20:38:33","slug":"bu-gun-z%C9%99ngilan-s%C9%99h%C9%99ri-gunudur","status":"publish","type":"post","link":"https:\/\/millitv.net\/?p=3382","title":{"rendered":"Bu g\u00fcn Z\u0259ngilan \u015e\u0259h\u0259ri G\u00fcn\u00fcd\u00fcr"},"content":{"rendered":"<p><img decoding=\"async\" src=\"https:\/\/Millinews.az\/storage\/2023\/09\/28\/zengilan.jpg\" alt=\"\" title=\"\"><\/p>\n<div id=\"mvp-content-main\">\n<p><strong>Bu g\u00fcn &#8211; oktyabr\u0131n 20-si Z\u0259ngilan \u015e\u0259h\u0259ri G\u00fcn\u00fcd\u00fcr.<\/strong><\/p>\n<p><strong><a target=\"_blank\" href=\"https:\/\/Millinews.az\" rel=\"noopener\">Millinews.az<\/a><\/strong>-\u0131n x\u0259b\u0259rin\u0259 g\u00f6r\u0259, Az\u0259rbaycanda Z\u0259ngilan \u015e\u0259h\u0259ri G\u00fcn\u00fc ilk d\u0259f\u0259dir qeyd olunur.<\/p>\n<p>Prezident \u0130lham \u018fliyevin bu il iyulun 31-d\u0259 imzalad\u0131\u011f\u0131 <a href=\"https:\/\/report.az\/qarabag\/azad-edilmis-eraziler-uzre-seher-gunleri-tesis-edilib\/\" target=\"_blank\" rel=\"noopener\">s\u0259r\u0259ncama<\/a> \u0259sas\u0259n, h\u0259r il oktyabr\u0131n 20-d\u0259 Z\u0259ngilan \u015e\u0259h\u0259ri G\u00fcn\u00fc t\u0259nt\u0259n\u0259li \u015f\u0259kild\u0259 qeyd edil\u0259c\u0259k.<\/p>\n<p>Bu \u0259lam\u0259tdar g\u00fcn\u00fcn t\u0259sis olunmas\u0131 Z\u0259ngilan \u015f\u0259h\u0259rinin Erm\u0259nistan silahl\u0131 q\u00fcvv\u0259l\u0259rinin i\u015f\u011fal\u0131ndan azad edilm\u0259si tarixi il\u0259 ba\u011fl\u0131d\u0131r. Bel\u0259 ki, bu g\u00fcn &#8211; oktyabr\u0131n 20-d\u0259 \u015f\u0259h\u0259rin erm\u0259ni i\u015f\u011fal\u00e7\u0131lar\u0131ndan t\u0259mizl\u0259nm\u0259sind\u0259n 3 il \u00f6t\u00fcr.<\/p>\n<p>2020-ci il oktyabr\u0131n 20-d\u0259 Az\u0259rbaycan Prezidenti, M\u00fcz\u0259ff\u0259r Ali Ba\u015f Komandan \u0130lham \u018fliyev xalqa m\u00fcraci\u0259tind\u0259 Z\u0259ngilan \u015f\u0259h\u0259ri v\u0259 rayonun daha 6 k\u0259ndinin &#8211; Haval\u0131, Z\u0259rn\u0259li, M\u0259mm\u0259db\u0259yli, H\u0259k\u0259ri, \u015e\u0259rifan, Mu\u011fanl\u0131n\u0131n i\u015f\u011faldan azad olundu\u011funu a\u00e7\u0131qlay\u0131b.<\/p>\n<p>Oktyabr\u0131n 20-d\u0259 Z\u0259ngilan \u015f\u0259h\u0259ri v\u0259 6 k\u0259ndi il\u0259 yana\u015f\u0131, F\u00fczuli rayonunun D\u00f6rd\u00e7inar, K\u00fcrdl\u0259r, Yuxar\u0131 \u018fbd\u00fcrr\u0259hmanl\u0131, Qar\u011fabazar, A\u015fa\u011f\u0131 Veys\u0259lli, Yuxar\u0131 Aybasanl\u0131 k\u0259ndl\u0259ri, C\u0259bray\u0131l rayonunun Safar\u015fa, H\u0259s\u0259nqayd\u0131, Fu\u011fanl\u0131, \u0130mamba\u011f\u0131, Da\u015f Veys\u0259lli, A\u011ft\u0259p\u0259, Yar\u0259hm\u0259dli, Xocav\u0259nd rayonunun A\u011fcak\u0259nd, M\u00fclk\u00fcd\u0259r\u0259, Da\u015fba\u015f\u0131, G\u00fcn\u0259\u015fli (G\u00fcn\u0259\u015flinin ke\u00e7mi\u015f ad\u0131 Nora\u015fen idi), \u00c7inarl\u0131 k\u0259ndl\u0259ri erm\u0259ni i\u015f\u011fal\u00e7\u0131lar\u0131ndan t\u0259mizl\u0259nib. Azad olunan \u0259razil\u0259r\u0259 Az\u0259rbaycan\u0131n \u00fc\u00e7r\u0259ngli \u015fanl\u0131 bayra\u011f\u0131 sanc\u0131l\u0131b.<\/p>\n<p>Z\u0259ngilan d\u00f6y\u00fc\u015fl\u0259ri \u0130kinci Qaraba\u011f m\u00fcharib\u0259sind\u0259 Az\u0259rbaycan Ordusunun q\u0259l\u0259b\u0259si il\u0259 n\u0259tic\u0259l\u0259n\u0259n \u0259n u\u011furlu Arazboyu \u0259m\u0259liyyatlar\u0131ndan biridir.<\/p>\n<p>Prezident \u0130lham \u018fliyevin 2020-ci il dekabr\u0131n 25-d\u0259 v\u0259 2021-ci il iyunun 24-d\u0259 imzalad\u0131\u011f\u0131 m\u00fcvafiq s\u0259r\u0259ncamlara \u0259sas\u0259n, bir qrup h\u0259rbi qulluq\u00e7u \u201cZ\u0259ngilan\u0131n azad olunmas\u0131na g\u00f6r\u0259\u201d medal\u0131 il\u0259 t\u0259ltif edilib. Onlar rayonun i\u015f\u011faldan azad edilm\u0259si u\u011frunda apar\u0131lan d\u00f6y\u00fc\u015f \u0259m\u0259liyyatlar\u0131nda i\u015ftirak ed\u0259r\u0259k \u015f\u0259xsi igidlik v\u0259 \u015f\u00fcca\u0259t n\u00fcmayi\u015f etdirdikl\u0259rin\u0259 g\u00f6r\u0259 t\u0259ltif olunublar.<\/p>\n<p>2020-ci il dekabr\u0131n 23-d\u0259 Prezident \u0130lham \u018fliyev v\u0259 birinci xan\u0131m Mehriban \u018fliyeva i\u015f\u011faldan azad edil\u0259n Z\u0259ngilan rayonunda s\u0259f\u0259rd\u0259 olublar. Ali Ba\u015f Komandan Z\u0259ngilan \u015f\u0259h\u0259rind\u0259 \u015fanl\u0131 Az\u0259rbaycan bayra\u011f\u0131n\u0131 ucald\u0131b.<\/p>\n<p>Azad olunandan sonra Z\u0259ngilanda minat\u0259mizl\u0259m\u0259 \u0259m\u0259liyyatlar\u0131 il\u0259 yana\u015f\u0131, paralel olaraq yenid\u0259nqurma v\u0259 b\u0259rpa i\u015fl\u0259ri d\u0259 davam etdirilir. Rayon \u0259razisind\u0259 infrastrukturun b\u0259rpas\u0131 i\u015fl\u0259ri u\u011furla h\u0259yata ke\u00e7irilir. T\u0259sad\u00fcfi deyil ki, art\u0131q Z\u0259ngilana h\u0259yat qay\u0131d\u0131b. M\u0259cburi k\u00f6\u00e7k\u00fcnl\u0259rin i\u015f\u011faldan azad olunan \u0259razil\u0259r\u0259 qay\u0131d\u0131\u015f\u0131 m\u0259hz bu rayonla ba\u015flad\u0131. Bel\u0259 ki, bu il rayonda \u201ca\u011f\u0131ll\u0131 k\u0259nd\u201d konsepsiyas\u0131 \u0259sas\u0131nda yenid\u0259n sal\u0131nm\u0131\u015f A\u011fal\u0131 k\u0259ndin\u0259 ke\u00e7mi\u015f m\u0259cburi k\u00f6\u00e7k\u00fcnl\u0259rin qay\u0131d\u0131\u015f\u0131 t\u0259min olundu. Sakinl\u0259rin \u0259z\u0259li v\u0259 \u0259b\u0259di k\u0259ndl\u0259rin\u0259 k\u00f6\u00e7\u00fcr\u00fclm\u0259sin\u0259 2022-ci ilin iyulundan ba\u015flan\u0131l\u0131b v\u0259 proses haz\u0131rda davam etdirilir.<\/p>\n<p>2021-ci il aprelin 26-da Prezident \u0130lham \u018fliyev t\u0259r\u0259find\u0259n Z\u0259ngilan\u0131n 1-ci, 2-ci, 3-c\u00fc A\u011fal\u0131 k\u0259ndl\u0259rini \u0259hat\u0259 ed\u0259n birinci \u201cA\u011f\u0131ll\u0131 k\u0259nd\u201d layih\u0259sinin t\u0259m\u0259li qoyulub. Bu il may\u0131n 27-d\u0259 \u201cA\u011f\u0131ll\u0131 k\u0259nd\u201d layih\u0259sinin birinci m\u0259rh\u0259l\u0259si \u00fczr\u0259 a\u00e7\u0131l\u0131\u015f m\u0259rasimi olub. Prezident \u0130lham \u018fliyev v\u0259 Birinci vitse-prezident Mehriban \u018fliyeva m\u0259rasimd\u0259 i\u015ftirak edibl\u0259r.<\/p>\n<p>Bundan \u0259lav\u0259, rayon \u0259razisind\u0259 ilk hava liman\u0131 da in\u015fa edilib. \u00d6t\u0259n il oktyabr\u0131n 20-d\u0259 Z\u0259ngilan Beyn\u0259lxalq Hava Liman\u0131n\u0131n a\u00e7\u0131l\u0131\u015f m\u0259rasimi olub. Az\u0259rbaycan Prezidenti \u0130lham \u018fliyev v\u0259 T\u00fcrkiy\u0259 Prezidenti R\u0259c\u0259b Tayyib \u018frdo\u011fan a\u00e7\u0131l\u0131\u015f m\u0259rasimind\u0259 i\u015ftirak edibl\u0259r. Art\u0131q Z\u0259ngilan aeroportuna Beyn\u0259lxalq Hava Liman\u0131 statusu verilib. Bu, Az\u0259rbaycan\u0131n \u015e\u0259rqi Z\u0259ng\u0259zur iqtisadi rayonunda in\u015fa edil\u0259n ilk, i\u015f\u011faldan azad olunan \u0259razil\u0259rd\u0259 is\u0259 ikinci hava liman\u0131d\u0131r. Bundan \u0259vv\u0259l is\u0259 F\u00fczuli Beyn\u0259lxalq Hava Liman\u0131 istifad\u0259y\u0259 verilib. M\u0259lumat \u00fc\u00e7\u00fcn bildir\u0259k ki, i\u015f\u011faldan azad olunan \u0259razil\u0259rd\u0259 daha bir hava liman\u0131 is\u0259 La\u00e7\u0131n rayonunda in\u015fa edilir.<\/p>\n<p>Prezident \u0130lham \u018fliyev 2023-c\u00fc il sentyabr\u0131n 28-d\u0259 Z\u0259ngilan rayonuna s\u0259f\u0259r edib. D\u00f6vl\u0259t ba\u015f\u00e7\u0131s\u0131 rayonun <a href=\"https:\/\/report.az\/daxili-siyaset\/prezident-ilham-eliyev-zengilan-rayonunun-alibeyli-kendinin-temelini-qoyub\/\" target=\"_blank\" rel=\"noopener\">Al\u0131b\u0259yli<\/a>, <a href=\"https:\/\/report.az\/daxili-siyaset\/ilham-eliyev-zengilan-kendinin-temelini-qoyub\/\" target=\"_blank\" rel=\"noopener\">Z\u0259ngilan<\/a> k\u0259ndl\u0259rinin, \u015f\u0259h\u0259rd\u0259 sal\u0131nacaq <a href=\"https:\/\/report.az\/daxili-siyaset\/zengilan-seherinde-2-ci-yasayis-kompleksinin-temeli-qoyulub\/\" target=\"_blank\" rel=\"noopener\">2-ci<\/a>, <a href=\"https:\/\/report.az\/daxili-siyaset\/ilham-eliyev-zengilan-seherinde-3-cu-yasayis-kompleksinin-temelini-qoyub\/\" target=\"_blank\" rel=\"noopener\">3-c\u00fc<\/a> v\u0259 <a href=\"https:\/\/report.az\/daxili-siyaset\/prezident-zengilan-seherinde-4-cu-yasayis-kompleksinin-temelqoyma-merasiminde-istirak-edib\/\" target=\"_blank\" rel=\"noopener\">4-c\u00fc<\/a> ya\u015fay\u0131\u015f kompleksl\u0259rinin v\u0259 160 yerlik <a href=\"https:\/\/report.az\/daxili-siyaset\/zengilan-seherinde-160-yerlik-usaq-bagcasinin-temeli-qoyulub\/\" target=\"_blank\" rel=\"noopener\">u\u015faq ba\u011f\u00e7as\u0131<\/a>n\u0131n t\u0259m\u0259lini qoyub. Bundan \u0259lav\u0259, Prezident Z\u0259ngilan \u015f\u0259h\u0259r<a href=\"https:\/\/report.az\/dini-xeberler\/ilham-eliyev-zengilan-seher-mescidinde-gorulen-islerle-tanis-olub\/\" target=\"_blank\" rel=\"noopener\"> m\u0259scid<\/a>ind\u0259 g\u00f6r\u00fcl\u0259n i\u015fl\u0259rl\u0259 tan\u0131\u015f olub, <a href=\"https:\/\/report.az\/daxili-siyaset\/zengilan-konqres-merkezi-kompleksinin-acilisi-olub\/\" target=\"_blank\" rel=\"noopener\">Z\u0259ngilan Konqres M\u0259rk\u0259zi Kompleksi<\/a>nin v\u0259 <a href=\"https:\/\/report.az\/daxili-siyaset\/prezident-ilham-eliyev-azerenerji-asc-nin-cahangirbeyli-su-elektrik-stansiyasinin-acilisinda-istirak-edib\/\" target=\"_blank\" rel=\"noopener\">\u201cCahangirb\u0259yli\u201d Su Elektrik Stansiyas\u0131<\/a>n\u0131n a\u00e7\u0131l\u0131\u015f\u0131nda i\u015ftirak edib. Az\u0259rbaycan lideri sentyabr\u0131n 29-da is\u0259 BMT-nin M\u0259skunla\u015fma Proqram\u0131n\u0131n (UN-HABITAT) v\u0259 Az\u0259rbaycan Respublikas\u0131n\u0131n D\u00f6vl\u0259t \u015e\u0259h\u0259rsalma v\u0259 Arxitektura Komit\u0259sinin \u0259m\u0259kda\u015fl\u0131\u011f\u0131 il\u0259 ke\u00e7iril\u0259n \u201c\u015e\u0259h\u0259rsalma H\u0259ft\u0259si 2023\u201d t\u0259dbirl\u0259ri \u00e7\u0259r\u00e7iv\u0259sind\u0259 Z\u0259ngilanda \u201cDavaml\u0131 \u015f\u0259h\u0259rl\u0259r iqtisadi inki\u015faf\u0131n h\u0259r\u0259k\u0259tverici v\u0259 b\u0259rab\u0259rsizlikl\u0259rl\u0259 m\u00fcbariz\u0259 aparan q\u00fcvv\u0259si kimi\u201d m\u00f6vzusunda <a href=\"https:\/\/report.az\/daxili-siyaset\/ilham-eliyev-zengilanda-2-ci-azerbaycan-milli-sehersalma-forumunun-acilis-merasiminde-istirak-edir\/\" target=\"_blank\" rel=\"noopener\">2-ci Milli \u015e\u0259h\u0259rsalma Forumu<\/a>nun a\u00e7\u0131l\u0131\u015f m\u0259rasimin\u0259 qat\u0131l\u0131b.<\/p>\n<p>Bu il oktyabr\u0131n 6-da Z\u0259ngilan rayonunun A\u011fb\u0259nd q\u0259s\u0259b\u0259si yax\u0131nl\u0131\u011f\u0131nda \u201cAz\u0259rbaycan Respublikas\u0131 H\u00f6kum\u0259ti il\u0259 \u0130ran \u0130slam Respublikas\u0131 H\u00f6kum\u0259ti aras\u0131nda \u0130ran \u0130slam Respublikas\u0131n\u0131n \u0259razisind\u0259n ke\u00e7m\u0259kl\u0259 Az\u0259rbaycan Respublikas\u0131n\u0131n \u015e\u0259rqi Z\u0259ng\u0259zur iqtisadi rayonu il\u0259 Nax\u00e7\u0131van Muxtar Respublikas\u0131 aras\u0131nda yeni kommunikasiya ba\u011flant\u0131lar\u0131n\u0131n yarad\u0131lmas\u0131 haqq\u0131nda Anla\u015fma Memorandumu\u201d \u00e7\u0259r\u00e7iv\u0259sind\u0259 avtomobil k\u00f6rp\u00fcs\u00fc v\u0259 s\u0259rh\u0259d-g\u00f6mr\u00fck infrastrukturunun in\u015fas\u0131, \u0259razid\u0259 sahilb\u0259rkitm\u0259 t\u0259dbirl\u0259ri layih\u0259l\u0259rinin <a href=\"https:\/\/report.az\/infrastruktur\/zengilanda-azerbaycanla-iran-arasinda-avtomobil-korpusunun-temelqoyma-merasimi-kecirilib\/\" target=\"_blank\" rel=\"noopener\">t\u0259m\u0259lqoyma m\u0259rasimi<\/a> ke\u00e7irilib v\u0259 tikinti i\u015fl\u0259rin\u0259 ba\u015flan\u0131l\u0131b. Avtomobil k\u00f6rp\u00fcs\u00fc v\u0259 s\u0259rh\u0259d-g\u00f6mr\u00fck infrastrukturunun g\u00f6st\u0259ricil\u0259rinin \u00f6lk\u0259l\u0259rin \u0259razisind\u0259n ke\u00e7\u0259n tranzit y\u00fckda\u015f\u0131malar\u0131n\u0131n art\u0131m\u0131na v\u0259 Nax\u00e7\u0131van Muxtar Respublikas\u0131na gedi\u015f-g\u0259li\u015fin asanla\u015fd\u0131r\u0131lmas\u0131na xidm\u0259t g\u00f6st\u0259r\u0259c\u0259k. Bel\u0259 ki, 7 gedi\u015f-g\u0259li\u015f x\u0259tti olacaq d\u00f6vl\u0259t s\u0259rh\u0259dind\u0259n burax\u0131l\u0131\u015f m\u0259nt\u0259q\u0259sinin, el\u0259c\u0259 d\u0259 avtomobil k\u00f6rp\u00fcs\u00fcn\u00fcn g\u00fcnd\u0259lik q\u0259bul ed\u0259 bil\u0259c\u0259k y\u00fck-n\u0259qliyyat vasit\u0259l\u0259rinin say\u0131 \u0259n az\u0131 1 100 t\u0259\u015fkil ed\u0259c\u0259k.<\/p>\n<p>Xat\u0131rladaq ki, 2023-c\u00fc il sentyabr\u0131n 19-da \u00fc\u00e7t\u0259r\u0259fli b\u0259yanat\u0131n m\u00fcdd\u0259alar\u0131n\u0131n t\u0259min olunmas\u0131, Qaraba\u011f iqtisadi rayonunda t\u00f6r\u0259dil\u0259n geni\u015fmiqyasl\u0131 t\u0259xribatlar\u0131n qar\u015f\u0131s\u0131n\u0131n al\u0131nmas\u0131, Erm\u0259nistan silahl\u0131 q\u00fcvv\u0259l\u0259rinin birl\u0259\u015fm\u0259l\u0259rinin t\u0259rk-silah edil\u0259r\u0259k \u0259razil\u0259rimizd\u0259n \u00e7\u0131xar\u0131lmas\u0131, onlar\u0131n h\u0259rbi infrastrukturunun z\u0259r\u0259rsizl\u0259\u015fdirilm\u0259si, i\u015f\u011faldan azad edilmi\u015f \u0259razil\u0259r\u0259 qay\u0131dan dinc \u0259hali, habel\u0259 b\u0259rpa-quruculuq i\u015fl\u0259rin\u0259 c\u0259lb olunmu\u015f m\u00fclki i\u015f\u00e7il\u0259r v\u0259 h\u0259rbi qulluq\u00e7ular\u0131m\u0131z\u0131n t\u0259hl\u00fck\u0259sizliyinin t\u0259min olunmas\u0131 v\u0259 Az\u0259rbaycan Respublikas\u0131n\u0131n Konstitusiya qurulu\u015funun b\u0259rpa edilm\u0259si m\u0259qs\u0259dil\u0259 b\u00f6lg\u0259d\u0259 lokal xarakterli antiterror t\u0259dbirl\u0259rin\u0259 ba\u015flan\u0131l\u0131b.<\/p>\n<p>23 saatdan bir q\u0259d\u0259r \u00e7ox davam ed\u0259n t\u0259dbirl\u0259r \u00e7\u0259r\u00e7iv\u0259sind\u0259 Erm\u0259nistan silahl\u0131 q\u00fcvv\u0259l\u0259rinin birl\u0259\u015fm\u0259l\u0259rinin \u00f6n x\u0259tt v\u0259 d\u0259rinlikd\u0259 olan m\u00f6vqel\u0259ri v\u0259 uzunm\u00fcdd\u0259tli at\u0259\u015f n\u00f6qt\u0259l\u0259ri, el\u0259c\u0259 d\u0259 d\u00f6y\u00fc\u015f vasit\u0259l\u0259ri v\u0259 h\u0259rbi t\u0259yinatl\u0131 obyektl\u0259ri y\u00fcks\u0259k d\u0259qiqlikli silahlar\u0131n t\u0259tbiqi il\u0259 s\u0131radan \u00e7\u0131xar\u0131l\u0131b. D\u00fc\u015fm\u0259n a\u011f bayraq qald\u0131raraq t\u0259slim olub. Bununla da Az\u0259rbaycan\u0131n b\u00fct\u00fcn \u0259razil\u0259rind\u0259 Konstitusiya qurulu\u015fu b\u0259rpa edilib. Haz\u0131rda Qaraba\u011f\u0131n h\u0259r n\u00f6qt\u0259sind\u0259 Az\u0259rbaycan\u0131n \u00fc\u00e7r\u0259ngli \u015fanl\u0131 bayra\u011f\u0131 dal\u011falan\u0131r.<\/p>\n<p>Qeyd ed\u0259k ki, Z\u0259ngilan rayonu Qaraba\u011f\u0131n c\u0259nubunda, \u0130ranla s\u0259rh\u0259dd\u0259 yerl\u0259\u015fir. \u018frazisi 707 kvadratkilometr olan rayonun \u0259halisi 45 min (1993-c\u00fc ild\u0259 39 min) n\u0259f\u0259rdir. Rayon \u0259razisi Ki\u00e7ik Qafqaz da\u011flar\u0131n\u0131n c\u0259nub t\u0259r\u0259find\u0259 Arazboyu hiss\u0259d\u0259 yerl\u0259\u015fir. \u018frazinin \u00f6z\u00fcn\u0259m\u0259xsus g\u00f6z\u0259llikl\u0259ri, s\u0131ld\u0131r\u0131ml\u0131 qayalar\u0131, lal\u0259li d\u00fczl\u0259ri, g\u00f6z ox\u015fayan me\u015f\u0259l\u0259ri v\u0259 kollar\u0131 var.<\/p>\n<p>\u018frazisind\u0259 \u0259sas\u0259n m\u00fclayim isti iqlim m\u00fc\u015fahid\u0259 edilir. Araz, Ox\u00e7u\u00e7ay, H\u0259k\u0259ri v\u0259 B\u0259sit\u00e7ay rayonun \u0259razisind\u0259n axan \u00e7aylar\u0131d\u0131r. \u0130lin b\u00fct\u00fcn f\u0259sill\u0259rind\u0259 bol sulu olan \u00e7aylardan m\u0259i\u015f\u0259t v\u0259 k\u0259nd t\u0259s\u0259rr\u00fcfat\u0131ndan ba\u015fqa, m\u00fcxt\u0259lif sah\u0259l\u0259rd\u0259 d\u0259 istifad\u0259 edilirdi. \u018frazisind\u0259 tikinti da\u015f\u0131, \u0259h\u0259ng xammal\u0131, q\u0131z\u0131l, qara m\u0259rm\u0259r v\u0259 s. kimi faydal\u0131 qaz\u0131nt\u0131lar var.<\/p>\n<p>Z\u0259ngilan rayonu 1993-c\u00fc il oktyabr\u0131n 30-da Erm\u0259nistan Silahl\u0131 Q\u00fcvv\u0259l\u0259ri t\u0259r\u0259find\u0259n i\u015f\u011fal edilmi\u015fdi. Rayon i\u015f\u011fal edil\u0259rk\u0259n 1 \u015f\u0259h\u0259r, 5 q\u0259s\u0259b\u0259 v\u0259 79 k\u0259ndd\u0259n ibar\u0259t idi. Z\u0259ngilanda \u0259kin\u00e7ilikl\u0259 yana\u015f\u0131, heyvandarl\u0131q da inki\u015faf etmi\u015fdi. Lakin 27 illik i\u015f\u011fal n\u0259tic\u0259sind\u0259 Z\u0259ngilan\u0131n s\u0259rv\u0259tl\u0259ri d\u00fc\u015fm\u0259n t\u0259r\u0259find\u0259n tar-mar edilib, infrastruktur s\u0131radan \u00e7\u0131xar\u0131l\u0131b, ya\u015fay\u0131\u015f m\u0259nt\u0259q\u0259l\u0259ri vandalizim\u0259 m\u0259ruz qal\u0131b. Rayon \u0259razisind\u0259 olan evl\u0259r, tarixi abid\u0259l\u0259r tamamil\u0259 da\u011f\u0131d\u0131l\u0131b, a\u011faclar m\u0259hv edilib.<\/p>\n<\/p><\/div>\n<p><script>\n        (function (d, s, id) {\n            var js, fjs = d.getElementsByTagName(s)[0];\n            if (d.getElementById(id)) return;\n            js = d.createElement(s);\n            js.id = id;\n            js.src = \"\/\/connect.facebook.net\/az_AZ\/sdk.js#xfbml=1&version=v2.7&appId=\";\n            fjs.parentNode.insertBefore(js, fjs);\n        }(document, 'script', 'facebook-jssdk'));\n    <\/script><\/p>\n","protected":false},"excerpt":{"rendered":"<p>Bu g\u00fcn &#8211; oktyabr\u0131n 20-si Z\u0259ngilan \u015e\u0259h\u0259ri G\u00fcn\u00fcd\u00fcr. Millinews.az-\u0131n x\u0259b\u0259rin\u0259 g\u00f6r\u0259, Az\u0259rbaycanda Z\u0259ngilan \u015e\u0259h\u0259ri G\u00fcn\u00fc ilk d\u0259f\u0259dir qeyd olunur. Prezident \u0130lham \u018fliyevin bu il iyulun 31-d\u0259 imzalad\u0131\u011f\u0131 s\u0259r\u0259ncama \u0259sas\u0259n, h\u0259r il oktyabr\u0131n 20-d\u0259 Z\u0259ngilan \u015e\u0259h\u0259ri G\u00fcn\u00fc t\u0259nt\u0259n\u0259li \u015f\u0259kild\u0259 qeyd edil\u0259c\u0259k. Bu \u0259lam\u0259tdar g\u00fcn\u00fcn t\u0259sis olunmas\u0131 Z\u0259ngilan \u015f\u0259h\u0259rinin Erm\u0259nistan silahl\u0131 q\u00fcvv\u0259l\u0259rinin i\u015f\u011fal\u0131ndan azad edilm\u0259si tarixi il\u0259 &hellip;<\/p>\n","protected":false},"author":1,"featured_media":3383,"comment_status":"open","ping_status":"closed","sticky":false,"template":"","format":"standard","meta":{"footnotes":""},"categories":[9],"tags":[],"class_list":["post-3382","post","type-post","status-publish","format-standard","has-post-thumbnail","hentry","category-xeber"],"_links":{"self":[{"href":"https:\/\/millitv.net\/index.php?rest_route=\/wp\/v2\/posts\/3382","targetHints":{"allow":["GET"]}}],"collection":[{"href":"https:\/\/millitv.net\/index.php?rest_route=\/wp\/v2\/posts"}],"about":[{"href":"https:\/\/millitv.net\/index.php?rest_route=\/wp\/v2\/types\/post"}],"author":[{"embeddable":true,"href":"https:\/\/millitv.net\/index.php?rest_route=\/wp\/v2\/users\/1"}],"replies":[{"embeddable":true,"href":"https:\/\/millitv.net\/index.php?rest_route=%2Fwp%2Fv2%2Fcomments&post=3382"}],"version-history":[{"count":0,"href":"https:\/\/millitv.net\/index.php?rest_route=\/wp\/v2\/posts\/3382\/revisions"}],"wp:featuredmedia":[{"embeddable":true,"href":"https:\/\/millitv.net\/index.php?rest_route=\/wp\/v2\/media\/3383"}],"wp:attachment":[{"href":"https:\/\/millitv.net\/index.php?rest_route=%2Fwp%2Fv2%2Fmedia&parent=3382"}],"wp:term":[{"taxonomy":"category","embeddable":true,"href":"https:\/\/millitv.net\/index.php?rest_route=%2Fwp%2Fv2%2Fcategories&post=3382"},{"taxonomy":"post_tag","embeddable":true,"href":"https:\/\/millitv.net\/index.php?rest_route=%2Fwp%2Fv2%2Ftags&post=3382"}],"curies":[{"name":"wp","href":"https:\/\/api.w.org\/{rel}","templated":true}]}}