{"id":3374,"date":"2023-10-19T19:53:25","date_gmt":"2023-10-19T19:53:25","guid":{"rendered":"https:\/\/millinews.az\/xeber\/oglu-il%C9%99-d%C9%99-muqavil%C9%99-bagladilar\/"},"modified":"2023-10-19T19:53:25","modified_gmt":"2023-10-19T19:53:25","slug":"oglu-il%C9%99-d%C9%99-muqavil%C9%99-bagladilar","status":"publish","type":"post","link":"https:\/\/millitv.net\/?p=3374","title":{"rendered":"O\u011flu il\u0259 d\u0259 m\u00fcqavil\u0259 ba\u011flad\u0131lar"},"content":{"rendered":"<p><img decoding=\"async\" src=\"https:\/\/Millinews.az\/storage\/2023\/10\/19\/ronaldo_oglu.png\" alt=\"\" title=\"\"><\/p>\n<div id=\"mvp-content-main\">\n<p><strong>C\u00fcm\u0259 ax\u015fam\u0131 \u201c\u018fl-Nasr\u201d r\u0259hb\u0259rliyi Kri\u015ftiano Ronaldonun o\u011flu il\u0259 r\u0259smi m\u00fcqavil\u0259 imzalay\u0131b.<\/strong><\/p>\n<p><strong><a target=\"_blank\" href=\"https:\/\/Millinews.az\" rel=\"noopener\">Millinews.az<\/a><\/strong> x\u0259b\u0259r verir ki, ki\u00e7ik Kri\u015ftiano Ronaldo \u201c\u018fl-N\u0259sr\u201din U-13 v\u0259 U-15 komandalar\u0131na daxil edilib. O, \u201c\u018fl N\u0259sr\u201dd\u0259 atas\u0131 kimi 7 n\u00f6mr\u0259li forman\u0131 geyin\u0259c\u0259k.<\/p>\n<p>Portuqaliyal\u0131n\u0131n 13 ya\u015fl\u0131 o\u011flunun bu c\u00fcm\u0259 (20 oktyabr) \u201c\u018fl N\u0259sr\u201din U-13 komandas\u0131nda ilk mat\u00e7\u0131na \u00e7\u0131xaca\u011f\u0131 g\u00f6zl\u0259nilir.<\/p>\n<\/p><\/div>\n<p><script>\n        (function (d, s, id) {\n            var js, fjs = d.getElementsByTagName(s)[0];\n            if (d.getElementById(id)) return;\n            js = d.createElement(s);\n            js.id = id;\n            js.src = \"\/\/connect.facebook.net\/az_AZ\/sdk.js#xfbml=1&version=v2.7&appId=\";\n            fjs.parentNode.insertBefore(js, fjs);\n        }(document, 'script', 'facebook-jssdk'));\n    <\/script><\/p>\n","protected":false},"excerpt":{"rendered":"<p>C\u00fcm\u0259 ax\u015fam\u0131 \u201c\u018fl-Nasr\u201d r\u0259hb\u0259rliyi Kri\u015ftiano Ronaldonun o\u011flu il\u0259 r\u0259smi m\u00fcqavil\u0259 imzalay\u0131b. Millinews.az x\u0259b\u0259r verir ki, ki\u00e7ik Kri\u015ftiano Ronaldo \u201c\u018fl-N\u0259sr\u201din U-13 v\u0259 U-15 komandalar\u0131na daxil edilib. O, \u201c\u018fl N\u0259sr\u201dd\u0259 atas\u0131 kimi 7 n\u00f6mr\u0259li forman\u0131 geyin\u0259c\u0259k. Portuqaliyal\u0131n\u0131n 13 ya\u015fl\u0131 o\u011flunun bu c\u00fcm\u0259 (20 oktyabr) \u201c\u018fl N\u0259sr\u201din U-13 komandas\u0131nda ilk mat\u00e7\u0131na \u00e7\u0131xaca\u011f\u0131 g\u00f6zl\u0259nilir.<\/p>\n","protected":false},"author":1,"featured_media":3375,"comment_status":"open","ping_status":"closed","sticky":false,"template":"","format":"standard","meta":{"footnotes":""},"categories":[9],"tags":[],"class_list":["post-3374","post","type-post","status-publish","format-standard","has-post-thumbnail","hentry","category-xeber"],"_links":{"self":[{"href":"https:\/\/millitv.net\/index.php?rest_route=\/wp\/v2\/posts\/3374","targetHints":{"allow":["GET"]}}],"collection":[{"href":"https:\/\/millitv.net\/index.php?rest_route=\/wp\/v2\/posts"}],"about":[{"href":"https:\/\/millitv.net\/index.php?rest_route=\/wp\/v2\/types\/post"}],"author":[{"embeddable":true,"href":"https:\/\/millitv.net\/index.php?rest_route=\/wp\/v2\/users\/1"}],"replies":[{"embeddable":true,"href":"https:\/\/millitv.net\/index.php?rest_route=%2Fwp%2Fv2%2Fcomments&post=3374"}],"version-history":[{"count":0,"href":"https:\/\/millitv.net\/index.php?rest_route=\/wp\/v2\/posts\/3374\/revisions"}],"wp:featuredmedia":[{"embeddable":true,"href":"https:\/\/millitv.net\/index.php?rest_route=\/wp\/v2\/media\/3375"}],"wp:attachment":[{"href":"https:\/\/millitv.net\/index.php?rest_route=%2Fwp%2Fv2%2Fmedia&parent=3374"}],"wp:term":[{"taxonomy":"category","embeddable":true,"href":"https:\/\/millitv.net\/index.php?rest_route=%2Fwp%2Fv2%2Fcategories&post=3374"},{"taxonomy":"post_tag","embeddable":true,"href":"https:\/\/millitv.net\/index.php?rest_route=%2Fwp%2Fv2%2Ftags&post=3374"}],"curies":[{"name":"wp","href":"https:\/\/api.w.org\/{rel}","templated":true}]}}