{"id":3353,"date":"2023-10-19T18:28:43","date_gmt":"2023-10-19T18:28:43","guid":{"rendered":"https:\/\/millinews.az\/xeber\/dunyaca-m%C9%99shur-m%C9%99sqci-ardanin-problemini-tapdi\/"},"modified":"2023-10-19T18:28:43","modified_gmt":"2023-10-19T18:28:43","slug":"dunyaca-m%C9%99shur-m%C9%99sqci-ardanin-problemini-tapdi","status":"publish","type":"post","link":"https:\/\/millitv.net\/?p=3353","title":{"rendered":"D\u00fcnyaca m\u0259\u015fhur m\u0259\u015fq\u00e7i Ardan\u0131n problemini tapd\u0131"},"content":{"rendered":"<div id=\"maincontent\">&#13;<br \/>\n        &#13;<\/p>\n<p><strong\/><strong>\u201cReal Madrid\u201dd\u0259 meydanlara qay\u0131tma\u011fa haz\u0131rla\u015fan Arda G\u00fclerin fiziki dayan\u0131ql\u0131l\u0131q problemi oldu\u011fu m\u00fc\u0259yy\u0259nl\u0259\u015fib.<\/strong>&#13;\n<\/p>\n<p> <a href=\"https:\/\/Millinews.az\" target=\"_blank\" class=\"kw-link\" rel=\"noopener\">Millinews.az<\/a> x\u0259b\u0259r verir ki, ba\u015f m\u0259\u015fq\u00e7i Karlo An\u00e7elottinin komandas\u0131nda olan d\u00fcnya \u015f\u00f6hr\u0259tli fitnes m\u0259\u015fq\u00e7isi Antonio Pintus futbol\u00e7unun fiziki c\u0259h\u0259td\u0259n yet\u0259rli olmad\u0131\u011f\u0131n\u0131 m\u00fc\u0259yy\u0259n edib v\u0259 z\u0259d\u0259l\u0259r\u0259 s\u0259b\u0259b kimi bunu g\u00f6st\u0259rib. M\u0259lumata g\u00f6r\u0259, g\u0259nc ulduzun fiziki c\u0259h\u0259td\u0259n z\u0259if oldu\u011funu m\u00fc\u0259yy\u0259n ed\u0259n Pintus, Arda \u00fc\u00e7\u00fcn x\u00fcsusi proqram haz\u0131rlay\u0131b. <\/p>\n<p>Qeyd ed\u0259k ki, \u0259z\u0259l\u0259sind\u0259ki z\u0259d\u0259sini sa\u011faldan Arda meydana qayt\u0131ma\u011fa haz\u0131rla\u015fark\u0259n yenid\u0259n z\u0259d\u0259l\u0259nmi\u015fdi.&#13;<br \/>\n        &#13;<br \/>\n&#13;<br \/>\n        &#13;<br \/>\n&#13;\n        <\/p>\n<p><noscript><\/p>\n<p>You must enable Javascript on your browser for the site to work optimally and display sections completely.<\/p>\n<p><\/noscript>\t\t&#13;<br \/>\n\t\t&#13;\n    <\/div>\n<p><script type=\"text\/javascript\">jQuery(document).ready(function () {\n(function(d, s, id) {\n    var js, fjs = d.getElementsByTagName(s)[0];\n    if (d.getElementById(id))\n        return;\n    js = d.createElement(s);\n    js.id = id;\n    js.src = \"\/\/connect.facebook.net\/az_AZ\/all.js#xfbml=1&appId=1002485763137712\";\n    fjs.parentNode.insertBefore(js, fjs);\n}(document, 'script', 'facebook-jssdk'));                \n});<\/script><\/p>\n","protected":false},"excerpt":{"rendered":"<p>&#13; &#13; \u201cReal Madrid\u201dd\u0259 meydanlara qay\u0131tma\u011fa haz\u0131rla\u015fan Arda G\u00fclerin fiziki dayan\u0131ql\u0131l\u0131q problemi oldu\u011fu m\u00fc\u0259yy\u0259nl\u0259\u015fib.&#13; Millinews.az x\u0259b\u0259r verir ki, ba\u015f m\u0259\u015fq\u00e7i Karlo An\u00e7elottinin komandas\u0131nda olan d\u00fcnya \u015f\u00f6hr\u0259tli fitnes m\u0259\u015fq\u00e7isi Antonio Pintus futbol\u00e7unun fiziki c\u0259h\u0259td\u0259n yet\u0259rli olmad\u0131\u011f\u0131n\u0131 m\u00fc\u0259yy\u0259n edib v\u0259 z\u0259d\u0259l\u0259r\u0259 s\u0259b\u0259b kimi bunu g\u00f6st\u0259rib. M\u0259lumata g\u00f6r\u0259, g\u0259nc ulduzun fiziki c\u0259h\u0259td\u0259n z\u0259if oldu\u011funu m\u00fc\u0259yy\u0259n ed\u0259n Pintus, Arda &hellip;<\/p>\n","protected":false},"author":1,"featured_media":3354,"comment_status":"open","ping_status":"closed","sticky":false,"template":"","format":"standard","meta":{"footnotes":""},"categories":[9],"tags":[],"class_list":["post-3353","post","type-post","status-publish","format-standard","has-post-thumbnail","hentry","category-xeber"],"_links":{"self":[{"href":"https:\/\/millitv.net\/index.php?rest_route=\/wp\/v2\/posts\/3353","targetHints":{"allow":["GET"]}}],"collection":[{"href":"https:\/\/millitv.net\/index.php?rest_route=\/wp\/v2\/posts"}],"about":[{"href":"https:\/\/millitv.net\/index.php?rest_route=\/wp\/v2\/types\/post"}],"author":[{"embeddable":true,"href":"https:\/\/millitv.net\/index.php?rest_route=\/wp\/v2\/users\/1"}],"replies":[{"embeddable":true,"href":"https:\/\/millitv.net\/index.php?rest_route=%2Fwp%2Fv2%2Fcomments&post=3353"}],"version-history":[{"count":0,"href":"https:\/\/millitv.net\/index.php?rest_route=\/wp\/v2\/posts\/3353\/revisions"}],"wp:featuredmedia":[{"embeddable":true,"href":"https:\/\/millitv.net\/index.php?rest_route=\/wp\/v2\/media\/3354"}],"wp:attachment":[{"href":"https:\/\/millitv.net\/index.php?rest_route=%2Fwp%2Fv2%2Fmedia&parent=3353"}],"wp:term":[{"taxonomy":"category","embeddable":true,"href":"https:\/\/millitv.net\/index.php?rest_route=%2Fwp%2Fv2%2Fcategories&post=3353"},{"taxonomy":"post_tag","embeddable":true,"href":"https:\/\/millitv.net\/index.php?rest_route=%2Fwp%2Fv2%2Ftags&post=3353"}],"curies":[{"name":"wp","href":"https:\/\/api.w.org\/{rel}","templated":true}]}}