{"id":3327,"date":"2023-10-19T17:13:05","date_gmt":"2023-10-19T17:13:05","guid":{"rendered":"https:\/\/millinews.az\/xeber\/israil-turkiy%C9%99d%C9%99n-butun-diplomatlarini-geri-cagirdi\/"},"modified":"2023-10-19T17:13:05","modified_gmt":"2023-10-19T17:13:05","slug":"israil-turkiy%C9%99d%C9%99n-butun-diplomatlarini-geri-cagirdi","status":"publish","type":"post","link":"https:\/\/millitv.net\/?p=3327","title":{"rendered":"\u0130srail T\u00fcrkiy\u0259d\u0259n b\u00fct\u00fcn diplomatlar\u0131n\u0131 GER\u0130 \u00c7A\u011eIRDI"},"content":{"rendered":"<p><img decoding=\"async\" src=\"https:\/\/Millinews.az\/storage\/2023\/10\/19\/israil_turkiye.jpg\" alt=\"\" title=\"\"><\/p>\n<div id=\"mvp-content-main\">\n<p><strong>\u0130srail T\u00fcrkiy\u0259d\u0259 olan b\u00fct\u00fcn diplomatlar\u0131n\u0131 geri \u00e7a\u011f\u0131r\u0131b.<\/strong><\/p>\n<p><strong><a target=\"_blank\" href=\"https:\/\/Millinews.az\" rel=\"noopener\">Millinews.az<\/a><\/strong> x\u0259b\u0259r verir ki, bu bar\u0259d\u0259 T\u00fcrkiy\u0259 K\u0130V-i m\u0259lumat yay\u0131b.<\/p>\n<p>Vur\u011fulan\u0131b ki, bu q\u0259rar s\u0259fir d\u0259 daxil olmaqla b\u00fct\u00fcn diplomatlara \u015famil edilib.<\/p>\n<p>T\u0259l-\u018fviv m\u00fcvafiq q\u0259rar\u0131 t\u0259hl\u00fck\u0259sizlik bax\u0131m\u0131ndan verdiyi bildirilir.<\/p>\n<p>Qeyd ed\u0259k ki, diplomatlar\u0131n geri \u00e7a\u011f\u0131r\u0131lmas\u0131 faktiki olaraq \u0130srailin T\u00fcrkiy\u0259d\u0259ki s\u0259firliyinin \u00f6z f\u0259laiyy\u0259tini dayand\u0131rmas\u0131 il\u0259 n\u0259tic\u0259l\u0259n\u0259c\u0259k.<\/p>\n<p><strong>H\u00fcseyn \u0130badl\u0131<\/strong><\/p>\n<\/p><\/div>\n<p><script>\n        (function (d, s, id) {\n            var js, fjs = d.getElementsByTagName(s)[0];\n            if (d.getElementById(id)) return;\n            js = d.createElement(s);\n            js.id = id;\n            js.src = \"\/\/connect.facebook.net\/az_AZ\/sdk.js#xfbml=1&version=v2.7&appId=\";\n            fjs.parentNode.insertBefore(js, fjs);\n        }(document, 'script', 'facebook-jssdk'));\n    <\/script><\/p>\n","protected":false},"excerpt":{"rendered":"<p>\u0130srail T\u00fcrkiy\u0259d\u0259 olan b\u00fct\u00fcn diplomatlar\u0131n\u0131 geri \u00e7a\u011f\u0131r\u0131b. Millinews.az x\u0259b\u0259r verir ki, bu bar\u0259d\u0259 T\u00fcrkiy\u0259 K\u0130V-i m\u0259lumat yay\u0131b. Vur\u011fulan\u0131b ki, bu q\u0259rar s\u0259fir d\u0259 daxil olmaqla b\u00fct\u00fcn diplomatlara \u015famil edilib. T\u0259l-\u018fviv m\u00fcvafiq q\u0259rar\u0131 t\u0259hl\u00fck\u0259sizlik bax\u0131m\u0131ndan verdiyi bildirilir. Qeyd ed\u0259k ki, diplomatlar\u0131n geri \u00e7a\u011f\u0131r\u0131lmas\u0131 faktiki olaraq \u0130srailin T\u00fcrkiy\u0259d\u0259ki s\u0259firliyinin \u00f6z f\u0259laiyy\u0259tini dayand\u0131rmas\u0131 il\u0259 n\u0259tic\u0259l\u0259n\u0259c\u0259k. H\u00fcseyn \u0130badl\u0131<\/p>\n","protected":false},"author":1,"featured_media":3328,"comment_status":"open","ping_status":"closed","sticky":false,"template":"","format":"standard","meta":{"footnotes":""},"categories":[9],"tags":[],"class_list":["post-3327","post","type-post","status-publish","format-standard","has-post-thumbnail","hentry","category-xeber"],"_links":{"self":[{"href":"https:\/\/millitv.net\/index.php?rest_route=\/wp\/v2\/posts\/3327","targetHints":{"allow":["GET"]}}],"collection":[{"href":"https:\/\/millitv.net\/index.php?rest_route=\/wp\/v2\/posts"}],"about":[{"href":"https:\/\/millitv.net\/index.php?rest_route=\/wp\/v2\/types\/post"}],"author":[{"embeddable":true,"href":"https:\/\/millitv.net\/index.php?rest_route=\/wp\/v2\/users\/1"}],"replies":[{"embeddable":true,"href":"https:\/\/millitv.net\/index.php?rest_route=%2Fwp%2Fv2%2Fcomments&post=3327"}],"version-history":[{"count":0,"href":"https:\/\/millitv.net\/index.php?rest_route=\/wp\/v2\/posts\/3327\/revisions"}],"wp:featuredmedia":[{"embeddable":true,"href":"https:\/\/millitv.net\/index.php?rest_route=\/wp\/v2\/media\/3328"}],"wp:attachment":[{"href":"https:\/\/millitv.net\/index.php?rest_route=%2Fwp%2Fv2%2Fmedia&parent=3327"}],"wp:term":[{"taxonomy":"category","embeddable":true,"href":"https:\/\/millitv.net\/index.php?rest_route=%2Fwp%2Fv2%2Fcategories&post=3327"},{"taxonomy":"post_tag","embeddable":true,"href":"https:\/\/millitv.net\/index.php?rest_route=%2Fwp%2Fv2%2Ftags&post=3327"}],"curies":[{"name":"wp","href":"https:\/\/api.w.org\/{rel}","templated":true}]}}