{"id":3304,"date":"2023-10-19T15:43:34","date_gmt":"2023-10-19T15:43:34","guid":{"rendered":"https:\/\/millinews.az\/xeber\/tbmm-numay%C9%99nd%C9%99-hey%C9%99ti-susada-foto\/"},"modified":"2023-10-19T15:43:34","modified_gmt":"2023-10-19T15:43:34","slug":"tbmm-numay%C9%99nd%C9%99-hey%C9%99ti-susada-foto","status":"publish","type":"post","link":"https:\/\/millitv.net\/?p=3304","title":{"rendered":"TBMM n\u00fcmay\u0259nd\u0259 hey\u0259ti \u015eu\u015fada &#8211; FOTO"},"content":{"rendered":"<p><img decoding=\"async\" src=\"https:\/\/Millinews.az\/storage\/2023\/10\/19\/7ccec324-f199-31cd-a554-00dd2460d525_850.jpg\" alt=\"\" title=\"\"><\/p>\n<div id=\"mvp-content-main\">\n<p><strong>T\u00fcrkiy\u0259 B\u00f6y\u00fck Mill\u0259t M\u0259clisinin (TBMM) Ba\u015f katibi Talip Uzunun r\u0259hb\u0259rlik etdiyi parlament n\u00fcmay\u0259nd\u0259 hey\u0259ti \u00f6lk\u0259miz\u0259 s\u0259f\u0259ri \u00e7\u0259r\u00e7iv\u0259sind\u0259 oktyabr\u0131n 19-da \u015eu\u015fa \u015f\u0259h\u0259rind\u0259 olub.<\/strong><\/p>\n<p>Milli M\u0259clisd\u0259n <strong><a target=\"_blank\" href=\"https:\/\/Millinews.az\" rel=\"noopener\">Millinews.az<\/a><\/strong>-a veril\u0259n x\u0259b\u0259r\u0259 g\u00f6r\u0259, n\u00fcmay\u0259nd\u0259 hey\u0259tini Milli M\u0259clis Aparat\u0131n\u0131n r\u0259hb\u0259ri F\u0259rid Hac\u0131yev v\u0259 dig\u0259r r\u0259smi \u015f\u0259xsl\u0259r m\u00fc\u015fayi\u0259t edibl\u0259r.<\/p>\n<p>\u015eu\u015fada qonaqlara \u015f\u0259h\u0259rin tarixi, i\u015f\u011fal d\u00f6vr\u00fcnd\u0259ki v\u0259ziyy\u0259ti v\u0259 \u015eu\u015fada c\u0259nab Prezident \u0130lham \u018fliyevin v\u0259 Birinci vitse-prezident Mehriban xan\u0131m \u018fliyevan\u0131n birba\u015fa n\u0259zar\u0259ti alt\u0131nda apar\u0131lan quruculuq i\u015fl\u0259ri, \u015f\u0259h\u0259rd\u0259ki tarixi abid\u0259l\u0259rin b\u0259rpas\u0131 v\u0259 n\u0259z\u0259rd\u0259 tutulan planlar bar\u0259d\u0259 m\u0259lumat verilib.<\/p>\n<p>Sonra TBMM-in n\u00fcmay\u0259nd\u0259 hey\u0259ti \u015eu\u015fada Ulu \u00d6nd\u0259r Heyd\u0259r \u018fliyevin 100 illik yubileyin\u0259 h\u0259sr olunmu\u015f r\u0259sm s\u0259rgisi il\u0259 tan\u0131\u015f olub.<\/p>\n<p>Qonaqlar Saatl\u0131 v\u0259 Yuxar\u0131 G\u00f6vh\u0259r a\u011fa m\u0259scidl\u0259rind\u0259, C\u0131d\u0131r d\u00fcz\u00fcnd\u0259 olmu\u015f, \u015eu\u015fan\u0131n Qala divarlar\u0131n\u0131 seyr etmi\u015fl\u0259r. C\u0131d\u0131r d\u00fcz\u00fcnd\u0259 qonaqlara m\u0259lumat verilib ki, q\u0259hr\u0259man \u0259sg\u0259rl\u0259rimiz b\u00f6y\u00fck \u015f\u00fcca\u0259t g\u00f6st\u0259r\u0259r\u0259k s\u0131ld\u0131r\u0131m qayalarla C\u0131d\u0131r d\u00fcz\u00fcn\u0259 qalxm\u0131\u015f, canlar\u0131 v\u0259 qanlar\u0131 bahas\u0131na \u015eu\u015fan\u0131 i\u015f\u011faldan azad etmi\u015fl\u0259r. Bu g\u00fcn C\u0131d\u0131r d\u00fcz\u00fc i\u015f\u011faldan \u0259vv\u0259l oldu\u011fu kimi, m\u00f6ht\u0259\u015f\u0259m t\u0259dbirl\u0259rin ke\u00e7irildiyi m\u0259kana \u00e7evrilib.<\/p>\n<\/p><\/div>\n<p><script>\n        (function (d, s, id) {\n            var js, fjs = d.getElementsByTagName(s)[0];\n            if (d.getElementById(id)) return;\n            js = d.createElement(s);\n            js.id = id;\n            js.src = \"\/\/connect.facebook.net\/az_AZ\/sdk.js#xfbml=1&version=v2.7&appId=\";\n            fjs.parentNode.insertBefore(js, fjs);\n        }(document, 'script', 'facebook-jssdk'));\n    <\/script><\/p>\n","protected":false},"excerpt":{"rendered":"<p>T\u00fcrkiy\u0259 B\u00f6y\u00fck Mill\u0259t M\u0259clisinin (TBMM) Ba\u015f katibi Talip Uzunun r\u0259hb\u0259rlik etdiyi parlament n\u00fcmay\u0259nd\u0259 hey\u0259ti \u00f6lk\u0259miz\u0259 s\u0259f\u0259ri \u00e7\u0259r\u00e7iv\u0259sind\u0259 oktyabr\u0131n 19-da \u015eu\u015fa \u015f\u0259h\u0259rind\u0259 olub. Milli M\u0259clisd\u0259n Millinews.az-a veril\u0259n x\u0259b\u0259r\u0259 g\u00f6r\u0259, n\u00fcmay\u0259nd\u0259 hey\u0259tini Milli M\u0259clis Aparat\u0131n\u0131n r\u0259hb\u0259ri F\u0259rid Hac\u0131yev v\u0259 dig\u0259r r\u0259smi \u015f\u0259xsl\u0259r m\u00fc\u015fayi\u0259t edibl\u0259r. \u015eu\u015fada qonaqlara \u015f\u0259h\u0259rin tarixi, i\u015f\u011fal d\u00f6vr\u00fcnd\u0259ki v\u0259ziyy\u0259ti v\u0259 \u015eu\u015fada c\u0259nab Prezident \u0130lham \u018fliyevin &hellip;<\/p>\n","protected":false},"author":1,"featured_media":3305,"comment_status":"open","ping_status":"closed","sticky":false,"template":"","format":"standard","meta":{"footnotes":""},"categories":[9],"tags":[],"class_list":["post-3304","post","type-post","status-publish","format-standard","has-post-thumbnail","hentry","category-xeber"],"_links":{"self":[{"href":"https:\/\/millitv.net\/index.php?rest_route=\/wp\/v2\/posts\/3304","targetHints":{"allow":["GET"]}}],"collection":[{"href":"https:\/\/millitv.net\/index.php?rest_route=\/wp\/v2\/posts"}],"about":[{"href":"https:\/\/millitv.net\/index.php?rest_route=\/wp\/v2\/types\/post"}],"author":[{"embeddable":true,"href":"https:\/\/millitv.net\/index.php?rest_route=\/wp\/v2\/users\/1"}],"replies":[{"embeddable":true,"href":"https:\/\/millitv.net\/index.php?rest_route=%2Fwp%2Fv2%2Fcomments&post=3304"}],"version-history":[{"count":0,"href":"https:\/\/millitv.net\/index.php?rest_route=\/wp\/v2\/posts\/3304\/revisions"}],"wp:featuredmedia":[{"embeddable":true,"href":"https:\/\/millitv.net\/index.php?rest_route=\/wp\/v2\/media\/3305"}],"wp:attachment":[{"href":"https:\/\/millitv.net\/index.php?rest_route=%2Fwp%2Fv2%2Fmedia&parent=3304"}],"wp:term":[{"taxonomy":"category","embeddable":true,"href":"https:\/\/millitv.net\/index.php?rest_route=%2Fwp%2Fv2%2Fcategories&post=3304"},{"taxonomy":"post_tag","embeddable":true,"href":"https:\/\/millitv.net\/index.php?rest_route=%2Fwp%2Fv2%2Ftags&post=3304"}],"curies":[{"name":"wp","href":"https:\/\/api.w.org\/{rel}","templated":true}]}}