{"id":3294,"date":"2023-10-19T15:04:42","date_gmt":"2023-10-19T15:04:42","guid":{"rendered":"https:\/\/millinews.az\/xeber\/v%C9%99ziyy%C9%99tin-n%C9%99zar%C9%99td%C9%99n-cixmasi-ehtimali-var\/"},"modified":"2023-10-19T15:04:42","modified_gmt":"2023-10-19T15:04:42","slug":"v%C9%99ziyy%C9%99tin-n%C9%99zar%C9%99td%C9%99n-cixmasi-ehtimali-var","status":"publish","type":"post","link":"https:\/\/millitv.net\/?p=3294","title":{"rendered":"&#8220;V\u0259ziyy\u0259tin n\u0259zar\u0259td\u0259n \u00e7\u0131xmas\u0131 ehtimal\u0131 var&#8221;"},"content":{"rendered":"<div id=\"maincontent\">&#13;<br \/>\n        &#13;<\/p>\n<p><strong>\u201cB\u00f6lg\u0259 bar\u0131t \u00e7\u0259ll\u0259yin\u0259 b\u0259nz\u0259yir, partlay\u0131\u015f\u0131n ba\u015f verm\u0259si, v\u0259ziyy\u0259tin n\u0259zar\u0259td\u0259n \u00e7\u0131xmas\u0131 ehtimal\u0131 var\u201d.<\/strong><\/p>\n<p><a href=\"https:\/\/Millinews.az\" target=\"_blank\" class=\"kw-link\" rel=\"noopener\">Millinews.az<\/a> Report-a istinad\u0259n x\u0259b\u0259r verir ki, bunu \u0130ran\u0131n xarici i\u015fl\u0259r naziri H\u00fcseyn \u018fmir Abdullahian oktyabr\u0131n 19-da S\u0259udiy\u0259 \u018fr\u0259bistan\u0131n\u0131n Cidd\u0259 \u015f\u0259h\u0259rind\u0259n qay\u0131dark\u0259n jurnalistl\u0259r\u0259 a\u00e7\u0131qlamas\u0131nda bildirib. &#13;\n<\/p>\n<p>O, \u0130slam \u018fm\u0259kda\u015fl\u0131q T\u0259\u015fkilat\u0131n\u0131n n\u00f6vb\u0259d\u0259nk\u0259nar iclas\u0131nda m\u00fczakir\u0259 olunan m\u0259s\u0259l\u0259l\u0259rd\u0259n, H\u018fMAS-\u0130srail qar\u015f\u0131durmas\u0131 n\u0259tic\u0259sind\u0259 ba\u015f ver\u0259n hadis\u0259l\u0259rd\u0259n dan\u0131\u015f\u0131b.<\/p>\n<p>Nazir bildirib ki, iclasda h\u0259rbi cinay\u0259tl\u0259r\u0259 d\u0259rhal son qoyulmas\u0131n\u0131n vacibliyi il\u0259 ba\u011fl\u0131 raz\u0131l\u0131q \u0259ld\u0259 olunub.&#13;<br \/>\n        &#13;<br \/>\n&#13;<br \/>\n        &#13;<br \/>\n&#13;\n        <\/p>\n<p><noscript><\/p>\n<p>You must enable Javascript on your browser for the site to work optimally and display sections completely.<\/p>\n<p><\/noscript>\t\t&#13;<br \/>\n\t\t&#13;\n    <\/div>\n<p><script type=\"text\/javascript\">jQuery(document).ready(function () {\n(function(d, s, id) {\n    var js, fjs = d.getElementsByTagName(s)[0];\n    if (d.getElementById(id))\n        return;\n    js = d.createElement(s);\n    js.id = id;\n    js.src = \"\/\/connect.facebook.net\/az_AZ\/all.js#xfbml=1&appId=1002485763137712\";\n    fjs.parentNode.insertBefore(js, fjs);\n}(document, 'script', 'facebook-jssdk'));                \n});<\/script><\/p>\n","protected":false},"excerpt":{"rendered":"<p>&#13; &#13; \u201cB\u00f6lg\u0259 bar\u0131t \u00e7\u0259ll\u0259yin\u0259 b\u0259nz\u0259yir, partlay\u0131\u015f\u0131n ba\u015f verm\u0259si, v\u0259ziyy\u0259tin n\u0259zar\u0259td\u0259n \u00e7\u0131xmas\u0131 ehtimal\u0131 var\u201d. Millinews.az Report-a istinad\u0259n x\u0259b\u0259r verir ki, bunu \u0130ran\u0131n xarici i\u015fl\u0259r naziri H\u00fcseyn \u018fmir Abdullahian oktyabr\u0131n 19-da S\u0259udiy\u0259 \u018fr\u0259bistan\u0131n\u0131n Cidd\u0259 \u015f\u0259h\u0259rind\u0259n qay\u0131dark\u0259n jurnalistl\u0259r\u0259 a\u00e7\u0131qlamas\u0131nda bildirib. &#13; O, \u0130slam \u018fm\u0259kda\u015fl\u0131q T\u0259\u015fkilat\u0131n\u0131n n\u00f6vb\u0259d\u0259nk\u0259nar iclas\u0131nda m\u00fczakir\u0259 olunan m\u0259s\u0259l\u0259l\u0259rd\u0259n, H\u018fMAS-\u0130srail qar\u015f\u0131durmas\u0131 n\u0259tic\u0259sind\u0259 ba\u015f ver\u0259n hadis\u0259l\u0259rd\u0259n dan\u0131\u015f\u0131b. &hellip;<\/p>\n","protected":false},"author":1,"featured_media":3295,"comment_status":"open","ping_status":"closed","sticky":false,"template":"","format":"standard","meta":{"footnotes":""},"categories":[9],"tags":[],"class_list":["post-3294","post","type-post","status-publish","format-standard","has-post-thumbnail","hentry","category-xeber"],"_links":{"self":[{"href":"https:\/\/millitv.net\/index.php?rest_route=\/wp\/v2\/posts\/3294","targetHints":{"allow":["GET"]}}],"collection":[{"href":"https:\/\/millitv.net\/index.php?rest_route=\/wp\/v2\/posts"}],"about":[{"href":"https:\/\/millitv.net\/index.php?rest_route=\/wp\/v2\/types\/post"}],"author":[{"embeddable":true,"href":"https:\/\/millitv.net\/index.php?rest_route=\/wp\/v2\/users\/1"}],"replies":[{"embeddable":true,"href":"https:\/\/millitv.net\/index.php?rest_route=%2Fwp%2Fv2%2Fcomments&post=3294"}],"version-history":[{"count":0,"href":"https:\/\/millitv.net\/index.php?rest_route=\/wp\/v2\/posts\/3294\/revisions"}],"wp:featuredmedia":[{"embeddable":true,"href":"https:\/\/millitv.net\/index.php?rest_route=\/wp\/v2\/media\/3295"}],"wp:attachment":[{"href":"https:\/\/millitv.net\/index.php?rest_route=%2Fwp%2Fv2%2Fmedia&parent=3294"}],"wp:term":[{"taxonomy":"category","embeddable":true,"href":"https:\/\/millitv.net\/index.php?rest_route=%2Fwp%2Fv2%2Fcategories&post=3294"},{"taxonomy":"post_tag","embeddable":true,"href":"https:\/\/millitv.net\/index.php?rest_route=%2Fwp%2Fv2%2Ftags&post=3294"}],"curies":[{"name":"wp","href":"https:\/\/api.w.org\/{rel}","templated":true}]}}