{"id":3285,"date":"2023-10-19T14:20:41","date_gmt":"2023-10-19T14:20:41","guid":{"rendered":"https:\/\/millinews.az\/xeber\/ii-qaregin-onlara-yalan-v%C9%99-bohtan-xarakterli-m%C9%99lumatlar-gond%C9%99rib\/"},"modified":"2023-10-19T14:20:41","modified_gmt":"2023-10-19T14:20:41","slug":"ii-qaregin-onlara-yalan-v%C9%99-bohtan-xarakterli-m%C9%99lumatlar-gond%C9%99rib","status":"publish","type":"post","link":"https:\/\/millitv.net\/?p=3285","title":{"rendered":"II Qaregin onlara yalan v\u0259 b\u00f6htan xarakterli m\u0259lumatlar g\u00f6nd\u0259rib"},"content":{"rendered":"<p><img decoding=\"async\" src=\"https:\/\/Millinews.az\/storage\/2017\/08\/05\/allahsukur.jpg\" alt=\"\" title=\"\"><\/p>\n<div id=\"mvp-content-main\">\n<p><strong>&#8220;Erm\u0259ni katolikosu II Qaregin D\u00fcnya Kils\u0259l\u0259r \u015euras\u0131na v\u0259 \u00fcmum\u0259n xristian dini liderl\u0259rin\u0259 yalan v\u0259 b\u00f6htan xarakterli m\u0259lumatlar g\u00f6nd\u0259rib&#8221;.<\/strong><\/p>\n<p><strong><a target=\"_blank\" href=\"https:\/\/Millinews.az\" rel=\"noopener\">Millinews.az<\/a><\/strong> x\u0259b\u0259r verir ki, bunu Misird\u0259 i\u015fg\u00fczar s\u0259f\u0259rd\u0259 olan Qafqaz M\u00fcs\u0259lmanlar\u0131 \u0130dar\u0259sinin (QM\u0130) s\u0259dri \u015eeyx\u00fclislam Allah\u015f\u00fck\u00fcr Pa\u015fazad\u0259 oktyabr\u0131n 19-da bu \u00f6lk\u0259nin Qipti kils\u0259si r\u0259hb\u0259rinin m\u00fcavini yepiskop \u0130rmia il\u0259 g\u00f6r\u00fc\u015fd\u0259 deyib.<\/p>\n<p>QM\u0130 s\u0259dri 44 g\u00fcnl\u00fck V\u0259t\u0259n m\u00fcharib\u0259sind\u0259n v\u0259 son antiterror \u0259m\u0259liyyat\u0131ndan sonra erm\u0259ni diasporu v\u0259 erm\u0259ni kils\u0259si t\u0259r\u0259find\u0259n anti-Az\u0259rbaycan t\u0259bli\u011fat\u0131n\u0131n artd\u0131\u011f\u0131n\u0131n m\u00fc\u015fahid\u0259 olundu\u011funu v\u0259 erm\u0259ni katolikosu II Qareginin D\u00fcnya Kils\u0259l\u0259r \u015euras\u0131na v\u0259 \u00fcmum\u0259n xristian dini liderl\u0259rin\u0259 yalan v\u0259 b\u00f6htan xarakterli m\u0259lumatlar g\u00f6nd\u0259rdiyind\u0259n x\u0259b\u0259rdar oldu\u011funu h\u0259ms\u00f6hb\u0259tinin diqq\u0259tin\u0259 \u00e7atd\u0131r\u0131b.<\/p>\n<p>O, erm\u0259ni t\u0259cav\u00fcz\u00fcn\u00fcn a\u011f\u0131r n\u0259tic\u0259l\u0259ri, 30 il erm\u0259ni i\u015f\u011fal alt\u0131nda olunmu\u015f \u0259razil\u0259rimizd\u0259 t\u00f6r\u0259dil\u0259n vandalizm aktlar\u0131, m\u0259scidl\u0259rimizin tam \u0259ks\u0259riyy\u0259tinin da\u011f\u0131d\u0131lmas\u0131, onlar\u0131n h\u0259qar\u0259t\u0259 m\u0259ruz qalmas\u0131 v\u0259 orada \u0130slamda haram say\u0131lan heyvanlar\u0131n saxlad\u0131ld\u0131\u011f\u0131n\u0131, eyni zamanda xristian m\u0259b\u0259dl\u0259rinin d\u0259 da\u011f\u0131d\u0131lmas\u0131 v\u0259 m\u0259nsubiyy\u0259tinin d\u0259yi\u015fdirilm\u0259si faktlar\u0131, habel\u0259 b\u00f6lg\u0259mizd\u0259 haz\u0131rda c\u0259r\u0259yan ed\u0259n prosesl\u0259r bar\u0259d\u0259 yepiskop \u0130rmiaya m\u0259lumat verib.<\/p>\n<p>\u015eeyx\u00fclislam x\u00fcsusi olaraq qeyd edib ki, beyn\u0259lxalq m\u00fc\u015fahid\u0259\u00e7il\u0259rin d\u0259 t\u0259sdiq etdiyi kimi, Qaraba\u011f b\u00f6lg\u0259sind\u0259 m\u00fclki \u0259haliy\u0259 qar\u015f\u0131 he\u00e7-bir t\u0259zyiq g\u00f6st\u0259rilm\u0259mi\u015fdir v\u0259 onlar bu \u0259razini k\u00f6n\u00fcll\u00fc olaraq t\u0259rk edibl\u0259r.<\/p>\n<\/p><\/div>\n<p><script>\n        (function (d, s, id) {\n            var js, fjs = d.getElementsByTagName(s)[0];\n            if (d.getElementById(id)) return;\n            js = d.createElement(s);\n            js.id = id;\n            js.src = \"\/\/connect.facebook.net\/az_AZ\/sdk.js#xfbml=1&version=v2.7&appId=\";\n            fjs.parentNode.insertBefore(js, fjs);\n        }(document, 'script', 'facebook-jssdk'));\n    <\/script><\/p>\n","protected":false},"excerpt":{"rendered":"<p>&#8220;Erm\u0259ni katolikosu II Qaregin D\u00fcnya Kils\u0259l\u0259r \u015euras\u0131na v\u0259 \u00fcmum\u0259n xristian dini liderl\u0259rin\u0259 yalan v\u0259 b\u00f6htan xarakterli m\u0259lumatlar g\u00f6nd\u0259rib&#8221;. Millinews.az x\u0259b\u0259r verir ki, bunu Misird\u0259 i\u015fg\u00fczar s\u0259f\u0259rd\u0259 olan Qafqaz M\u00fcs\u0259lmanlar\u0131 \u0130dar\u0259sinin (QM\u0130) s\u0259dri \u015eeyx\u00fclislam Allah\u015f\u00fck\u00fcr Pa\u015fazad\u0259 oktyabr\u0131n 19-da bu \u00f6lk\u0259nin Qipti kils\u0259si r\u0259hb\u0259rinin m\u00fcavini yepiskop \u0130rmia il\u0259 g\u00f6r\u00fc\u015fd\u0259 deyib. QM\u0130 s\u0259dri 44 g\u00fcnl\u00fck V\u0259t\u0259n m\u00fcharib\u0259sind\u0259n v\u0259 &hellip;<\/p>\n","protected":false},"author":1,"featured_media":2894,"comment_status":"open","ping_status":"closed","sticky":false,"template":"","format":"standard","meta":{"footnotes":""},"categories":[9],"tags":[],"class_list":["post-3285","post","type-post","status-publish","format-standard","has-post-thumbnail","hentry","category-xeber"],"_links":{"self":[{"href":"https:\/\/millitv.net\/index.php?rest_route=\/wp\/v2\/posts\/3285","targetHints":{"allow":["GET"]}}],"collection":[{"href":"https:\/\/millitv.net\/index.php?rest_route=\/wp\/v2\/posts"}],"about":[{"href":"https:\/\/millitv.net\/index.php?rest_route=\/wp\/v2\/types\/post"}],"author":[{"embeddable":true,"href":"https:\/\/millitv.net\/index.php?rest_route=\/wp\/v2\/users\/1"}],"replies":[{"embeddable":true,"href":"https:\/\/millitv.net\/index.php?rest_route=%2Fwp%2Fv2%2Fcomments&post=3285"}],"version-history":[{"count":0,"href":"https:\/\/millitv.net\/index.php?rest_route=\/wp\/v2\/posts\/3285\/revisions"}],"wp:featuredmedia":[{"embeddable":true,"href":"https:\/\/millitv.net\/index.php?rest_route=\/wp\/v2\/media\/2894"}],"wp:attachment":[{"href":"https:\/\/millitv.net\/index.php?rest_route=%2Fwp%2Fv2%2Fmedia&parent=3285"}],"wp:term":[{"taxonomy":"category","embeddable":true,"href":"https:\/\/millitv.net\/index.php?rest_route=%2Fwp%2Fv2%2Fcategories&post=3285"},{"taxonomy":"post_tag","embeddable":true,"href":"https:\/\/millitv.net\/index.php?rest_route=%2Fwp%2Fv2%2Ftags&post=3285"}],"curies":[{"name":"wp","href":"https:\/\/api.w.org\/{rel}","templated":true}]}}