{"id":3271,"date":"2023-10-19T13:30:11","date_gmt":"2023-10-19T13:30:11","guid":{"rendered":"https:\/\/millinews.az\/xeber\/susada-n%C9%99qliyyatin-h%C9%99r%C9%99k%C9%99ti-minimuma-endiril%C9%99c%C9%99k\/"},"modified":"2023-10-19T13:30:11","modified_gmt":"2023-10-19T13:30:11","slug":"susada-n%C9%99qliyyatin-h%C9%99r%C9%99k%C9%99ti-minimuma-endiril%C9%99c%C9%99k","status":"publish","type":"post","link":"https:\/\/millitv.net\/?p=3271","title":{"rendered":"\u015eu\u015fada n\u0259qliyyat\u0131n h\u0259r\u0259k\u0259ti minimuma endiril\u0259c\u0259k"},"content":{"rendered":"<div id=\"maincontent\">&#13;<br \/>\n        &#13;<\/p>\n<p><strong>\u201c\u015eu\u015fa \u015f\u0259h\u0259rind\u0259 n\u0259qliyyat\u0131n h\u0259r\u0259k\u0259ti minimuma endiril\u0259c\u0259k\u201d.<\/strong><\/p>\n<p><a href=\"https:\/\/Millinews.az\" target=\"_blank\" class=\"kw-link\" rel=\"noopener\">Millinews.az<\/a> Apa.az-a istinad\u0259n x\u0259b\u0259r verir ki, bunu D\u00f6vl\u0259t \u015e\u0259h\u0259rsalma v\u0259 Arxitektura Komit\u0259si s\u0259drinin m\u00fcavini \u0130lqar \u0130sbatov \u201cM\u00fcasir \u015f\u0259h\u0259rsalmada enerji effektivliyinin \u0259h\u0259miyy\u0259ti &#8211; \u015eu\u015fa modeli\u201d panelind\u0259 \u00e7\u0131x\u0131\u015f\u0131 zaman\u0131 bildirib. &#13;\n<\/p>\n<p>\u201c\u015eu\u015fada dem\u0259k olar ki, piyada g\u0259zm\u0259kl\u0259 \u0259l\u00e7atan m\u0259saf\u0259d\u0259 ist\u0259nil\u0259n n\u00f6qt\u0259y\u0259 yeti\u015fm\u0259k m\u00fcmk\u00fcnd\u00fcr. Planla\u015fd\u0131rma el\u0259dir ki, \u0259l\u00e7atan m\u0259saf\u0259d\u0259dir v\u0259 15-20 d\u0259qiq\u0259 \u0259rzind\u0259 h\u0259r hans\u0131 yer\u0259 \u00e7atmaq m\u00fcmk\u00fcnd\u00fcr.<\/p>\n<p>\u015e\u0259h\u0259rd\u0259 planla\u015fd\u0131r\u0131lan ya\u015fay\u0131\u015f evl\u0259ri 3-4 m\u0259rt\u0259b\u0259lidir v\u0259 ya\u015fay\u0131\u015f evl\u0259rind\u0259 birinci m\u0259rt\u0259b\u0259d\u0259 ya\u015fayacaq insanlar \u00fc\u00e7\u00fcn h\u0259y\u0259tyan\u0131 sah\u0259 var. \u015eu\u015fada 196 memarl\u0131q abid\u0259si m\u00f6vcuddur. B\u00fct\u00fcn abid\u0259l\u0259r qorunub saxlanacaq. \u015eu\u015fan\u0131n x\u00fcsusil\u0259 m\u00fcs\u0259lmanlar ya\u015fayan 17 m\u0259h\u0259ll\u0259si memarl\u0131q abid\u0259l\u0259ri il\u0259 z\u0259ngindir&#8221;, &#8211; dey\u0259 \u0130lqar \u0130sbatov vur\u011fulay\u0131b.&#13;<br \/>\n        &#13;<br \/>\n&#13;<br \/>\n        &#13;<br \/>\n&#13;\n        <\/p>\n<p><noscript><\/p>\n<p>You must enable Javascript on your browser for the site to work optimally and display sections completely.<\/p>\n<p><\/noscript>\t\t&#13;<br \/>\n\t\t&#13;\n    <\/div>\n<p><script type=\"text\/javascript\">jQuery(document).ready(function () {\n(function(d, s, id) {\n    var js, fjs = d.getElementsByTagName(s)[0];\n    if (d.getElementById(id))\n        return;\n    js = d.createElement(s);\n    js.id = id;\n    js.src = \"\/\/connect.facebook.net\/az_AZ\/all.js#xfbml=1&appId=1002485763137712\";\n    fjs.parentNode.insertBefore(js, fjs);\n}(document, 'script', 'facebook-jssdk'));                \n});<\/script><\/p>\n","protected":false},"excerpt":{"rendered":"<p>&#13; &#13; \u201c\u015eu\u015fa \u015f\u0259h\u0259rind\u0259 n\u0259qliyyat\u0131n h\u0259r\u0259k\u0259ti minimuma endiril\u0259c\u0259k\u201d. Millinews.az Apa.az-a istinad\u0259n x\u0259b\u0259r verir ki, bunu D\u00f6vl\u0259t \u015e\u0259h\u0259rsalma v\u0259 Arxitektura Komit\u0259si s\u0259drinin m\u00fcavini \u0130lqar \u0130sbatov \u201cM\u00fcasir \u015f\u0259h\u0259rsalmada enerji effektivliyinin \u0259h\u0259miyy\u0259ti &#8211; \u015eu\u015fa modeli\u201d panelind\u0259 \u00e7\u0131x\u0131\u015f\u0131 zaman\u0131 bildirib. &#13; \u201c\u015eu\u015fada dem\u0259k olar ki, piyada g\u0259zm\u0259kl\u0259 \u0259l\u00e7atan m\u0259saf\u0259d\u0259 ist\u0259nil\u0259n n\u00f6qt\u0259y\u0259 yeti\u015fm\u0259k m\u00fcmk\u00fcnd\u00fcr. Planla\u015fd\u0131rma el\u0259dir ki, \u0259l\u00e7atan m\u0259saf\u0259d\u0259dir v\u0259 &hellip;<\/p>\n","protected":false},"author":1,"featured_media":3272,"comment_status":"open","ping_status":"closed","sticky":false,"template":"","format":"standard","meta":{"footnotes":""},"categories":[9],"tags":[],"class_list":["post-3271","post","type-post","status-publish","format-standard","has-post-thumbnail","hentry","category-xeber"],"_links":{"self":[{"href":"https:\/\/millitv.net\/index.php?rest_route=\/wp\/v2\/posts\/3271","targetHints":{"allow":["GET"]}}],"collection":[{"href":"https:\/\/millitv.net\/index.php?rest_route=\/wp\/v2\/posts"}],"about":[{"href":"https:\/\/millitv.net\/index.php?rest_route=\/wp\/v2\/types\/post"}],"author":[{"embeddable":true,"href":"https:\/\/millitv.net\/index.php?rest_route=\/wp\/v2\/users\/1"}],"replies":[{"embeddable":true,"href":"https:\/\/millitv.net\/index.php?rest_route=%2Fwp%2Fv2%2Fcomments&post=3271"}],"version-history":[{"count":0,"href":"https:\/\/millitv.net\/index.php?rest_route=\/wp\/v2\/posts\/3271\/revisions"}],"wp:featuredmedia":[{"embeddable":true,"href":"https:\/\/millitv.net\/index.php?rest_route=\/wp\/v2\/media\/3272"}],"wp:attachment":[{"href":"https:\/\/millitv.net\/index.php?rest_route=%2Fwp%2Fv2%2Fmedia&parent=3271"}],"wp:term":[{"taxonomy":"category","embeddable":true,"href":"https:\/\/millitv.net\/index.php?rest_route=%2Fwp%2Fv2%2Fcategories&post=3271"},{"taxonomy":"post_tag","embeddable":true,"href":"https:\/\/millitv.net\/index.php?rest_route=%2Fwp%2Fv2%2Ftags&post=3271"}],"curies":[{"name":"wp","href":"https:\/\/api.w.org\/{rel}","templated":true}]}}