{"id":3254,"date":"2023-10-19T12:52:42","date_gmt":"2023-10-19T12:52:42","guid":{"rendered":"https:\/\/millinews.az\/xeber\/az%C9%99rbaycan-qadinlarinin-vi-qurultayi-kecirildi\/"},"modified":"2023-10-19T12:52:42","modified_gmt":"2023-10-19T12:52:42","slug":"az%C9%99rbaycan-qadinlarinin-vi-qurultayi-kecirildi","status":"publish","type":"post","link":"https:\/\/millitv.net\/?p=3254","title":{"rendered":"Az\u0259rbaycan Qad\u0131nlar\u0131n\u0131n VI Qurultay\u0131 ke\u00e7irildi"},"content":{"rendered":"<div id=\"maincontent\">&#13;<br \/>\n        &#13;<\/p>\n<p><strong>Az\u0259rbaycan Qad\u0131nlar\u0131n\u0131n VI Qurultay\u0131 ke\u00e7irilib.<\/strong><\/p>\n<p><a href=\"https:\/\/Millinews.az\" target=\"_blank\" class=\"kw-link\" rel=\"noopener\">Millinews.az<\/a> x\u0259b\u0259r verir ki, Ulu \u00d6nd\u0259r Heyd\u0259r \u018fliyevin 100 illik yubileyin\u0259 h\u0259sr olunmu\u015f qurultayda 600-\u0259 yax\u0131n qad\u0131n bir araya g\u0259lib. &#13;\n<\/p>\n<p>T\u0259dbirin \u0259vv\u0259lind\u0259 Prezident Administrasiyas\u0131n\u0131n Humanitar siyas\u0259t, diaspor, multikulturalizm v\u0259 dini m\u0259s\u0259l\u0259l\u0259r \u015f\u00f6b\u0259sinin m\u00fcdiri F\u0259r\u0259h \u018fliyeva Prezident \u0130lham \u018fliyevin qurultay i\u015ftirak\u00e7\u0131lar\u0131na m\u00fcraci\u0259tini s\u0259sl\u0259ndirib.<\/p>\n<p>Ail\u0259, Qad\u0131n v\u0259 U\u015faq Probleml\u0259ri \u00fczr\u0259 D\u00f6vl\u0259t Komit\u0259sinin s\u0259dri Bahar Muradova bildirib ki, son 20 ild\u0259 i\u015f d\u00fcnyas\u0131nda qad\u0131nlar\u0131n rolu v\u0259 \u00e7\u0259kisi art\u0131b. Onun s\u00f6zl\u0259rin\u0259 g\u00f6r\u0259, biznes m\u00fchitind\u0259 qad\u0131nlar\u0131n \u00f6z h\u00fcquqlar\u0131ndan yararlana bilm\u0259si onlar\u0131n c\u0259miyy\u0259tin iqtisadi s\u00fctunlar\u0131n\u0131n m\u00f6hk\u0259ml\u0259nm\u0259sind\u0259 rolunu art\u0131r\u0131r.<\/p>\n<p>Ba\u015f nazirin m\u00fcavini \u018fli \u018fhm\u0259dov qeyd edib ki, Az\u0259rbaycan h\u00f6kum\u0259ti bundan sonra da c\u0259miyy\u0259td\u0259 qad\u0131nlar\u0131n imkanlar\u0131n\u0131n geni\u015fl\u0259ndirilm\u0259si v\u0259 onlara \u015f\u0259rait yarad\u0131lmas\u0131 istiqam\u0259tind\u0259 at\u0131lan add\u0131mlar\u0131 davam etdir\u0259c\u0259k.<\/p>\n<p>T\u00fcrkiy\u0259 Ail\u0259 v\u0259 Sosial Xidm\u0259tl\u0259r naziri Mahinur \u00d6zdemir G\u00f6kta\u015f Qaraba\u011fda q\u0259l\u0259b\u0259 m\u00fcnasib\u0259til\u0259 t\u0259dbir i\u015ftirak\u00e7\u0131lar\u0131n\u0131 t\u0259brik edib. O, qad\u0131n haqlar\u0131ndan dan\u0131\u015f\u0131b, T\u00fcrkiy\u0259nin bu istiqam\u0259td\u0259 atd\u0131\u011f\u0131 add\u0131mlardan s\u00f6z a\u00e7\u0131b.<\/p>\n<p>T\u0259dbird\u0259 BMT-nin rezident \u0259laq\u0259l\u0259ndiricisi Vladanka Andreeva, Ombudsman S\u0259bin\u0259 \u018fliyeva v\u0259 dig\u0259r \u015f\u0259xsl\u0259r \u00e7\u0131x\u0131\u015f edibl\u0259r.<\/p>\n<p>Qurultay panel m\u00fczakir\u0259l\u0259rl\u0259 ba\u015fa \u00e7at\u0131b.&#13;<br \/>\n        &#13;<br \/>\n&#13;<br \/>\n        &#13;<br \/>\n&#13;\n        <\/p>\n<p><noscript><\/p>\n<p>You must enable Javascript on your browser for the site to work optimally and display sections completely.<\/p>\n<p><\/noscript>\t\t&#13;<br \/>\n\t\t&#13;\n    <\/div>\n<p><script type=\"text\/javascript\">jQuery(document).ready(function () {\n(function(d, s, id) {\n    var js, fjs = d.getElementsByTagName(s)[0];\n    if (d.getElementById(id))\n        return;\n    js = d.createElement(s);\n    js.id = id;\n    js.src = \"\/\/connect.facebook.net\/az_AZ\/all.js#xfbml=1&appId=1002485763137712\";\n    fjs.parentNode.insertBefore(js, fjs);\n}(document, 'script', 'facebook-jssdk'));                \n$('.fancybox').fancybox();\n});<\/script><\/p>\n","protected":false},"excerpt":{"rendered":"<p>&#13; &#13; Az\u0259rbaycan Qad\u0131nlar\u0131n\u0131n VI Qurultay\u0131 ke\u00e7irilib. Millinews.az x\u0259b\u0259r verir ki, Ulu \u00d6nd\u0259r Heyd\u0259r \u018fliyevin 100 illik yubileyin\u0259 h\u0259sr olunmu\u015f qurultayda 600-\u0259 yax\u0131n qad\u0131n bir araya g\u0259lib. &#13; T\u0259dbirin \u0259vv\u0259lind\u0259 Prezident Administrasiyas\u0131n\u0131n Humanitar siyas\u0259t, diaspor, multikulturalizm v\u0259 dini m\u0259s\u0259l\u0259l\u0259r \u015f\u00f6b\u0259sinin m\u00fcdiri F\u0259r\u0259h \u018fliyeva Prezident \u0130lham \u018fliyevin qurultay i\u015ftirak\u00e7\u0131lar\u0131na m\u00fcraci\u0259tini s\u0259sl\u0259ndirib. Ail\u0259, Qad\u0131n v\u0259 U\u015faq Probleml\u0259ri &hellip;<\/p>\n","protected":false},"author":1,"featured_media":3255,"comment_status":"open","ping_status":"closed","sticky":false,"template":"","format":"standard","meta":{"footnotes":""},"categories":[9],"tags":[],"class_list":["post-3254","post","type-post","status-publish","format-standard","has-post-thumbnail","hentry","category-xeber"],"_links":{"self":[{"href":"https:\/\/millitv.net\/index.php?rest_route=\/wp\/v2\/posts\/3254","targetHints":{"allow":["GET"]}}],"collection":[{"href":"https:\/\/millitv.net\/index.php?rest_route=\/wp\/v2\/posts"}],"about":[{"href":"https:\/\/millitv.net\/index.php?rest_route=\/wp\/v2\/types\/post"}],"author":[{"embeddable":true,"href":"https:\/\/millitv.net\/index.php?rest_route=\/wp\/v2\/users\/1"}],"replies":[{"embeddable":true,"href":"https:\/\/millitv.net\/index.php?rest_route=%2Fwp%2Fv2%2Fcomments&post=3254"}],"version-history":[{"count":0,"href":"https:\/\/millitv.net\/index.php?rest_route=\/wp\/v2\/posts\/3254\/revisions"}],"wp:featuredmedia":[{"embeddable":true,"href":"https:\/\/millitv.net\/index.php?rest_route=\/wp\/v2\/media\/3255"}],"wp:attachment":[{"href":"https:\/\/millitv.net\/index.php?rest_route=%2Fwp%2Fv2%2Fmedia&parent=3254"}],"wp:term":[{"taxonomy":"category","embeddable":true,"href":"https:\/\/millitv.net\/index.php?rest_route=%2Fwp%2Fv2%2Fcategories&post=3254"},{"taxonomy":"post_tag","embeddable":true,"href":"https:\/\/millitv.net\/index.php?rest_route=%2Fwp%2Fv2%2Ftags&post=3254"}],"curies":[{"name":"wp","href":"https:\/\/api.w.org\/{rel}","templated":true}]}}