{"id":3246,"date":"2023-10-19T12:16:59","date_gmt":"2023-10-19T12:16:59","guid":{"rendered":"https:\/\/millinews.az\/xeber\/ispaniya-futbolunu-calxalayan-iddia\/"},"modified":"2023-10-19T12:16:59","modified_gmt":"2023-10-19T12:16:59","slug":"ispaniya-futbolunu-calxalayan-iddia","status":"publish","type":"post","link":"https:\/\/millitv.net\/?p=3246","title":{"rendered":"\u0130spaniya futbolunu \u00e7alxalayan iddia"},"content":{"rendered":"<div id=\"maincontent\">&#13;<br \/>\n        &#13;<\/p>\n<p><strong>&#8220;Barselona&#8221;n\u0131n prezidenti Joan Laporta bar\u0259sind\u0259 hakiml\u0259r\u0259 r\u00fc\u015fv\u0259t verdiyi iddias\u0131 il\u0259 istintaq ba\u015flad\u0131l\u0131b. <\/strong>&#13;\n<\/p>\n<p><a href=\"https:\/\/Millinews.az\" target=\"_blank\" class=\"kw-link\" rel=\"noopener\">Millinews.az<\/a> x\u0259b\u0259r verir ki, \u0130spaniya hakiml\u0259r komit\u0259sinin klubun t\u0259xmin\u0259n 20 illik f\u0259aliyy\u0259tini \u0259hat\u0259 ed\u0259n ara\u015fd\u0131rma \u00e7\u0259r\u00e7iv\u0259sind\u0259 Laportaya qar\u015f\u0131 r\u00fc\u015fv\u0259t iddias\u0131 il\u0259 ba\u011fl\u0131 r\u0259smi istintaq ba\u015flad\u0131l\u0131b.<\/p>\n<p>M\u0259s\u0259l\u0259y\u0259 m\u00fcnasib\u0259t bildir\u0259n Laporta \u201cNegreira m\u0259s\u0259l\u0259si ortaya \u00e7\u0131xanda bu bar\u0259d\u0259 \u0259trafl\u0131 dan\u0131\u015fd\u0131m. Ba\u015fa d\u00fc\u015f\u00fcr\u0259m ki, m\u0259ni ittiham etm\u0259k \u00fc\u00e7\u00fcn he\u00e7 bir \u0259sas yoxdur\u201d dey\u0259 bildirib.&#13;<br \/>\n        &#13;<br \/>\n&#13;<br \/>\n        &#13;<br \/>\n&#13;\n        <\/p>\n<p><noscript><\/p>\n<p>You must enable Javascript on your browser for the site to work optimally and display sections completely.<\/p>\n<p><\/noscript>\t\t&#13;<br \/>\n\t\t&#13;\n    <\/div>\n<p><script type=\"text\/javascript\">jQuery(document).ready(function () {\n(function(d, s, id) {\n    var js, fjs = d.getElementsByTagName(s)[0];\n    if (d.getElementById(id))\n        return;\n    js = d.createElement(s);\n    js.id = id;\n    js.src = \"\/\/connect.facebook.net\/az_AZ\/all.js#xfbml=1&appId=1002485763137712\";\n    fjs.parentNode.insertBefore(js, fjs);\n}(document, 'script', 'facebook-jssdk'));                \n});<\/script><\/p>\n","protected":false},"excerpt":{"rendered":"<p>&#13; &#13; &#8220;Barselona&#8221;n\u0131n prezidenti Joan Laporta bar\u0259sind\u0259 hakiml\u0259r\u0259 r\u00fc\u015fv\u0259t verdiyi iddias\u0131 il\u0259 istintaq ba\u015flad\u0131l\u0131b. &#13; Millinews.az x\u0259b\u0259r verir ki, \u0130spaniya hakiml\u0259r komit\u0259sinin klubun t\u0259xmin\u0259n 20 illik f\u0259aliyy\u0259tini \u0259hat\u0259 ed\u0259n ara\u015fd\u0131rma \u00e7\u0259r\u00e7iv\u0259sind\u0259 Laportaya qar\u015f\u0131 r\u00fc\u015fv\u0259t iddias\u0131 il\u0259 ba\u011fl\u0131 r\u0259smi istintaq ba\u015flad\u0131l\u0131b. M\u0259s\u0259l\u0259y\u0259 m\u00fcnasib\u0259t bildir\u0259n Laporta \u201cNegreira m\u0259s\u0259l\u0259si ortaya \u00e7\u0131xanda bu bar\u0259d\u0259 \u0259trafl\u0131 dan\u0131\u015fd\u0131m. Ba\u015fa d\u00fc\u015f\u00fcr\u0259m ki, &hellip;<\/p>\n","protected":false},"author":1,"featured_media":3247,"comment_status":"open","ping_status":"closed","sticky":false,"template":"","format":"standard","meta":{"footnotes":""},"categories":[9],"tags":[],"class_list":["post-3246","post","type-post","status-publish","format-standard","has-post-thumbnail","hentry","category-xeber"],"_links":{"self":[{"href":"https:\/\/millitv.net\/index.php?rest_route=\/wp\/v2\/posts\/3246","targetHints":{"allow":["GET"]}}],"collection":[{"href":"https:\/\/millitv.net\/index.php?rest_route=\/wp\/v2\/posts"}],"about":[{"href":"https:\/\/millitv.net\/index.php?rest_route=\/wp\/v2\/types\/post"}],"author":[{"embeddable":true,"href":"https:\/\/millitv.net\/index.php?rest_route=\/wp\/v2\/users\/1"}],"replies":[{"embeddable":true,"href":"https:\/\/millitv.net\/index.php?rest_route=%2Fwp%2Fv2%2Fcomments&post=3246"}],"version-history":[{"count":0,"href":"https:\/\/millitv.net\/index.php?rest_route=\/wp\/v2\/posts\/3246\/revisions"}],"wp:featuredmedia":[{"embeddable":true,"href":"https:\/\/millitv.net\/index.php?rest_route=\/wp\/v2\/media\/3247"}],"wp:attachment":[{"href":"https:\/\/millitv.net\/index.php?rest_route=%2Fwp%2Fv2%2Fmedia&parent=3246"}],"wp:term":[{"taxonomy":"category","embeddable":true,"href":"https:\/\/millitv.net\/index.php?rest_route=%2Fwp%2Fv2%2Fcategories&post=3246"},{"taxonomy":"post_tag","embeddable":true,"href":"https:\/\/millitv.net\/index.php?rest_route=%2Fwp%2Fv2%2Ftags&post=3246"}],"curies":[{"name":"wp","href":"https:\/\/api.w.org\/{rel}","templated":true}]}}