{"id":3208,"date":"2023-10-19T10:10:23","date_gmt":"2023-10-19T10:10:23","guid":{"rendered":"https:\/\/millinews.az\/xeber\/zakir-h%C9%99s%C9%99nov-ozb%C9%99kistanli-h%C9%99mkari-il%C9%99-gorusdu\/"},"modified":"2023-10-19T10:10:23","modified_gmt":"2023-10-19T10:10:23","slug":"zakir-h%C9%99s%C9%99nov-ozb%C9%99kistanli-h%C9%99mkari-il%C9%99-gorusdu","status":"publish","type":"post","link":"https:\/\/millitv.net\/?p=3208","title":{"rendered":"Zakir H\u0259s\u0259nov \u00f6zb\u0259kistanl\u0131 h\u0259mkar\u0131 il\u0259 g\u00f6r\u00fc\u015fd\u00fc"},"content":{"rendered":"<p><img decoding=\"async\" src=\"https:\/\/Millinews.az\/storage\/2023\/10\/19\/d645ec8b-34b0-39b3-977f-9987ee58b635_850.jpg\" alt=\"\" title=\"\"><\/p>\n<div id=\"mvp-content-main\">\n<p><strong>\u00d6zb\u0259kistan Respublikas\u0131n\u0131n m\u00fcdafi\u0259 naziri general-leytenant Baxodir Kurbanovun d\u0259v\u0259ti il\u0259 bu \u00f6lk\u0259y\u0259 r\u0259smi s\u0259f\u0259r ed\u0259n Az\u0259rbaycan Respublikas\u0131n\u0131n m\u00fcdafi\u0259 naziri general-polkovnik Zakir H\u0259s\u0259nov oktyabr\u0131n 19-da \u201cBahouddin N\u0259x\u015fb\u0259ndi\u201d memorial kompleksind\u0259 olub.<\/strong><\/p>\n<p>Bu bar\u0259d\u0259 <strong><a target=\"_blank\" href=\"https:\/\/Millinews.az\" rel=\"noopener\">Millinews.az<\/a><\/strong>-a Az\u0259rbaycan M\u00fcdafi\u0259 Nazirliyind\u0259n m\u0259lumat verilib.<\/p>\n<p>Kompleksl\u0259 tan\u0131\u015fl\u0131qdan sonra general-polkovnik Z.H\u0259s\u0259nov &#8220;Buxara&#8221; \u00fcmumqo\u015fun poliqonuna g\u0259lib.<\/p>\n<p>R\u0259smi qar\u015f\u0131lanma m\u0259rasimi ke\u00e7irilib. M\u00fcdafi\u0259 nazirl\u0259ri f\u0259xri qarovul d\u0259st\u0259sinin \u00f6n\u00fcnd\u0259n ke\u00e7ib, h\u0259r iki \u00f6lk\u0259nin d\u00f6vl\u0259t himni s\u0259sl\u0259ndirilib.<\/p>\n<p>M\u00fcdafi\u0259 nazirl\u0259ri aras\u0131nda \u0259vv\u0259lc\u0259 t\u0259kb\u0259t\u0259k, daha sonra is\u0259 n\u00fcmay\u0259nd\u0259 hey\u0259tl\u0259rinin i\u015ftirak\u0131 il\u0259 geni\u015f t\u0259rkibd\u0259 g\u00f6r\u00fc\u015f ke\u00e7irilib.<\/p>\n<p>G\u00f6r\u00fc\u015fd\u0259 Az\u0259rbaycan il\u0259 \u00d6zb\u0259kistan aras\u0131nda h\u0259rbi, h\u0259rbi-texniki, h\u0259rbi t\u0259hsil sah\u0259l\u0259rind\u0259 \u0259m\u0259kda\u015fl\u0131\u011f\u0131n inki\u015faf perspektivl\u0259ri, h\u0259r iki \u00f6lk\u0259nin m\u00fct\u0259x\u0259ssisl\u0259rind\u0259n ibar\u0259t hey\u0259tin m\u00fct\u0259madi olaraq qar\u015f\u0131l\u0131ql\u0131 s\u0259f\u0259rl\u0259rinin t\u0259\u015fkili v\u0259 maraq do\u011furan bir s\u0131ra dig\u0259r m\u0259s\u0259l\u0259l\u0259r bar\u0259d\u0259 \u0259trafl\u0131 fikir m\u00fcbadil\u0259si apar\u0131l\u0131b.<\/p>\n<p>Sonra poliqonun f\u0259aliyy\u0259ti, maddi v\u0259 t\u0259dris bazas\u0131 il\u0259 tan\u0131\u015fl\u0131q olub. Burada qonaqlara h\u0259rbi qulluq\u00e7ular\u0131n n\u00fcmun\u0259vi m\u0259\u015f\u011f\u0259l\u0259l\u0259ri n\u00fcmayi\u015f etdirilib.<\/p>\n<p>Daha sonra qar\u015f\u0131l\u0131ql\u0131 h\u0259diyy\u0259l\u0259r t\u0259qdim edilib v\u0259 birg\u0259 xatir\u0259 \u015f\u0259kli \u00e7\u0259kdirilib.<\/p>\n<p>Yekunda &#8220;Az\u0259rbaycan Respublikas\u0131 M\u00fcdafi\u0259 Nazirliyi v\u0259 \u00d6zb\u0259kistan Respublikas\u0131 M\u00fcdafi\u0259 Nazirliyi aras\u0131nda 2024-c\u00fc il \u00fc\u00e7\u00fcn ikit\u0259r\u0259fli \u0259m\u0259kda\u015fl\u0131q Plan\u0131&#8221; imzalan\u0131b.<\/p>\n<\/p><\/div>\n<p><script>\n        (function (d, s, id) {\n            var js, fjs = d.getElementsByTagName(s)[0];\n            if (d.getElementById(id)) return;\n            js = d.createElement(s);\n            js.id = id;\n            js.src = \"\/\/connect.facebook.net\/az_AZ\/sdk.js#xfbml=1&version=v2.7&appId=\";\n            fjs.parentNode.insertBefore(js, fjs);\n        }(document, 'script', 'facebook-jssdk'));\n    <\/script><\/p>\n","protected":false},"excerpt":{"rendered":"<p>\u00d6zb\u0259kistan Respublikas\u0131n\u0131n m\u00fcdafi\u0259 naziri general-leytenant Baxodir Kurbanovun d\u0259v\u0259ti il\u0259 bu \u00f6lk\u0259y\u0259 r\u0259smi s\u0259f\u0259r ed\u0259n Az\u0259rbaycan Respublikas\u0131n\u0131n m\u00fcdafi\u0259 naziri general-polkovnik Zakir H\u0259s\u0259nov oktyabr\u0131n 19-da \u201cBahouddin N\u0259x\u015fb\u0259ndi\u201d memorial kompleksind\u0259 olub. Bu bar\u0259d\u0259 Millinews.az-a Az\u0259rbaycan M\u00fcdafi\u0259 Nazirliyind\u0259n m\u0259lumat verilib. Kompleksl\u0259 tan\u0131\u015fl\u0131qdan sonra general-polkovnik Z.H\u0259s\u0259nov &#8220;Buxara&#8221; \u00fcmumqo\u015fun poliqonuna g\u0259lib. R\u0259smi qar\u015f\u0131lanma m\u0259rasimi ke\u00e7irilib. M\u00fcdafi\u0259 nazirl\u0259ri f\u0259xri qarovul d\u0259st\u0259sinin \u00f6n\u00fcnd\u0259n &hellip;<\/p>\n","protected":false},"author":1,"featured_media":3209,"comment_status":"open","ping_status":"closed","sticky":false,"template":"","format":"standard","meta":{"footnotes":""},"categories":[9],"tags":[],"class_list":["post-3208","post","type-post","status-publish","format-standard","has-post-thumbnail","hentry","category-xeber"],"_links":{"self":[{"href":"https:\/\/millitv.net\/index.php?rest_route=\/wp\/v2\/posts\/3208","targetHints":{"allow":["GET"]}}],"collection":[{"href":"https:\/\/millitv.net\/index.php?rest_route=\/wp\/v2\/posts"}],"about":[{"href":"https:\/\/millitv.net\/index.php?rest_route=\/wp\/v2\/types\/post"}],"author":[{"embeddable":true,"href":"https:\/\/millitv.net\/index.php?rest_route=\/wp\/v2\/users\/1"}],"replies":[{"embeddable":true,"href":"https:\/\/millitv.net\/index.php?rest_route=%2Fwp%2Fv2%2Fcomments&post=3208"}],"version-history":[{"count":0,"href":"https:\/\/millitv.net\/index.php?rest_route=\/wp\/v2\/posts\/3208\/revisions"}],"wp:featuredmedia":[{"embeddable":true,"href":"https:\/\/millitv.net\/index.php?rest_route=\/wp\/v2\/media\/3209"}],"wp:attachment":[{"href":"https:\/\/millitv.net\/index.php?rest_route=%2Fwp%2Fv2%2Fmedia&parent=3208"}],"wp:term":[{"taxonomy":"category","embeddable":true,"href":"https:\/\/millitv.net\/index.php?rest_route=%2Fwp%2Fv2%2Fcategories&post=3208"},{"taxonomy":"post_tag","embeddable":true,"href":"https:\/\/millitv.net\/index.php?rest_route=%2Fwp%2Fv2%2Ftags&post=3208"}],"curies":[{"name":"wp","href":"https:\/\/api.w.org\/{rel}","templated":true}]}}