{"id":3192,"date":"2023-10-19T09:12:22","date_gmt":"2023-10-19T09:12:22","guid":{"rendered":"https:\/\/millinews.az\/xeber\/kamran-eliyev-cinin-bas-prokuroru-il%C9%99-gorusdu\/"},"modified":"2023-10-19T09:12:22","modified_gmt":"2023-10-19T09:12:22","slug":"kamran-eliyev-cinin-bas-prokuroru-il%C9%99-gorusdu","status":"publish","type":"post","link":"https:\/\/millitv.net\/?p=3192","title":{"rendered":"Kamran \u018fliyev \u00c7inin Ba\u015f prokuroru il\u0259 g\u00f6r\u00fc\u015fd\u00fc"},"content":{"rendered":"<p><img decoding=\"async\" src=\"https:\/\/Millinews.az\/storage\/2023\/10\/19\/615731fc-280b-3bef-b393-accfeb9c156e_850.jpg\" alt=\"\" title=\"\"><\/p>\n<div id=\"mvp-content-main\">\n<p><strong>Ba\u015f prokuror Kamran \u018fliyev Pekin\u0259 i\u015fg\u00fczar s\u0259f\u0259ri \u00e7\u0259r\u00e7iv\u0259sind\u0259 \u00c7inin Ba\u015f prokuroru Yinq Yonq il\u0259 ikit\u0259r\u0259fli g\u00f6r\u00fc\u015f ke\u00e7irib.<\/strong><\/p>\n<p><strong><a target=\"_blank\" href=\"https:\/\/Millinews.az\" rel=\"noopener\">Millinews.az<\/a> <\/strong>x\u0259b\u0259r verir ki, n\u00fcmay\u0259nd\u0259 hey\u0259tini s\u0259mimi salamlayan Yinq Az\u0259rbaycan v\u0259 \u00c7inin dost d\u00f6vl\u0259tl\u0259r oldu\u011funu bildir\u0259r\u0259k bir \u00e7ox sah\u0259ni \u0259hat\u0259 ed\u0259n u\u011furlu \u0259m\u0259kda\u015fl\u0131\u011f\u0131n davam etdirildiyini vur\u011fulay\u0131b.<\/p>\n<p>Yinq Yonq \u00f6t\u0259n ilin sentyabr ay\u0131nda S\u0259m\u0259rq\u0259ndd\u0259 d\u00f6vl\u0259t ba\u015f\u00e7\u0131lar\u0131n\u0131n g\u00f6r\u00fc\u015f\u00fcn\u00fc xat\u0131rladaraq, bu dialoqun \u00f6lk\u0259l\u0259rimizin m\u00fcxt\u0259lif d\u00f6vl\u0259t qurumlar\u0131, o c\u00fcml\u0259d\u0259n prokurorluqlar\u0131m\u0131z aras\u0131nda \u0259laq\u0259l\u0259rin inki\u015faf\u0131na yeni t\u0259kan verdiyini bildirib. Bu ilin mart ay\u0131nda is\u0259 Ba\u015f prokuror v\u0259zif\u0259sin\u0259 t\u0259yin olunmas\u0131 il\u0259 \u0259laq\u0259dar t\u0259brik m\u0259ktubuna g\u00f6r\u0259 az\u0259rbaycanl\u0131 h\u0259mkar\u0131na t\u0259\u015f\u0259kk\u00fcr\u00fcn\u00fc ifad\u0259 edib.<\/p>\n<p>Kamran \u018fliyev qonaqp\u0259rv\u0259rliy\u0259 g\u00f6r\u0259 minn\u0259tdarl\u0131\u011f\u0131n\u0131 bildir\u0259r\u0259k \u00f6lk\u0259l\u0259rimiz aras\u0131nda \u0259srl\u0259r boyu m\u00f6vcud olan ikit\u0259r\u0259fli \u0259laq\u0259l\u0259rin tarixind\u0259n dan\u0131\u015f\u0131b. M\u00fcst\u0259qilliyin ilk ill\u0259rind\u0259 Ulu \u00f6nd\u0259r Heyd\u0259r \u018fliyevin, m\u00fcasir zaman\u0131m\u0131zda is\u0259 Prezident \u0130lham \u018fliyevin v\u0259 \u00c7inin s\u0259dri Si Cinpinin uzaqg\u00f6r\u0259n siyas\u0259tl\u0259ri n\u0259tic\u0259sind\u0259 iki \u00f6lk\u0259 aras\u0131nda olan m\u00fcnasib\u0259tl\u0259rin y\u00fcks\u0259l\u0259n x\u0259tl\u0259 v\u0259 u\u011furla inki\u015faf etdiyi vur\u011fulan\u0131b.<\/p>\n<p>Ba\u015f prokuror M\u00fcz\u0259ff\u0259r Ali Ba\u015f Komandan\u0131n r\u0259hb\u0259rliyi alt\u0131nda Az\u0259rbaycan torpaqlar\u0131n\u0131n 30 illik i\u015f\u011fal\u0131na son qoyuldu\u011funu, bir ay \u00f6nc\u0259 is\u0259 Az\u0259rbaycan Ordusu t\u0259r\u0259find\u0259n apar\u0131lm\u0131\u015f lokal xarakterli antiterror t\u0259dbirl\u0259ri n\u0259tic\u0259sind\u0259 \u00f6lk\u0259mizin \u0259razi b\u00fct\u00f6vl\u00fcy\u00fcn\u00fcn tam \u015f\u0259kild\u0259 b\u0259rpa olundu\u011fu bar\u0259d\u0259 h\u0259mkar\u0131n\u0131 m\u0259lumatland\u0131r\u0131b.<\/p>\n<p>\u00d6lk\u0259 r\u0259hb\u0259rliyinin diqq\u0259t v\u0259 qay\u011f\u0131s\u0131 il\u0259 i\u015f\u011faldan azad olunmu\u015f \u0259razil\u0259rd\u0259 geni\u015f quruculuq b\u0259rpa i\u015fl\u0259rinin apar\u0131ld\u0131\u011f\u0131 bildiril\u0259r\u0259k, bu prosesl\u0259rd\u0259 \u00c7in \u015firk\u0259tl\u0259rinin rolu x\u00fcsusi vur\u011fulan\u0131b.<\/p>\n<p>Daha sonra t\u0259r\u0259fl\u0259r prokurorluqlar\u0131m\u0131z aras\u0131nda h\u00fcquqi v\u0259 institusional \u0259m\u0259kda\u015fl\u0131\u011f\u0131n ikit\u0259r\u0259fli v\u0259 beyn\u0259lxalq platformalar \u00e7\u0259r\u00e7iv\u0259sind\u0259 geni\u015fl\u0259ndirilm\u0259si perspektivl\u0259ri bar\u0259d\u0259 fikir m\u00fcbadil\u0259si apar\u0131blar. Cinay\u0259tkarl\u0131\u011fa qar\u015f\u0131 m\u00fcbariz\u0259, v\u0259t\u0259nda\u015flar\u0131n h\u00fcquqlar\u0131n\u0131n qorunmas\u0131, qar\u015f\u0131l\u0131ql\u0131 pe\u015f\u0259kar s\u0259f\u0259rl\u0259r v\u0259 t\u0259cr\u00fcb\u0259 m\u00fcbadil\u0259sini n\u0259z\u0259rd\u0259 tutan \u0259m\u0259kda\u015fl\u0131q haqq\u0131nda memorandumun imzalanmas\u0131 bar\u0259d\u0259 raz\u0131l\u0131\u011fa g\u0259linib.<\/p>\n<p>Yinq Yonq h\u0259mkar\u0131n\u0131 n\u00f6vb\u0259ti ilin aprel ay\u0131nda Makauda ke\u00e7iril\u0259c\u0259k Beyn\u0259lxalq Prokurorlar Assosiasiyas\u0131n\u0131n \u0130craiyy\u0259 Komit\u0259sinin iclas\u0131na, Kamran \u018fliyev is\u0259 h\u0259mkar\u0131n\u0131 2024-c\u00fc ilin sentyabr ay\u0131nda Az\u0259rbaycanda ke\u00e7iril\u0259c\u0259k \u00fcmumd\u00fcnya prokurorlar\u0131n\u0131n illik konfrans\u0131na i\u015fg\u00fczar s\u0259f\u0259r\u0259 d\u0259v\u0259t edib.<\/p>\n<p>H\u0259m\u00e7inin, cinay\u0259tkarl\u0131qla m\u00fcbariz\u0259 sah\u0259sind\u0259 t\u0259r\u0259fl\u0259ri maraqland\u0131ran bir s\u0131ra dig\u0259r m\u0259s\u0259l\u0259l\u0259r m\u00fczakir\u0259 olunub.<\/p>\n<p>G\u00f6r\u00fc\u015fd\u0259 Az\u0259rbaycan\u0131n \u00c7ind\u0259ki s\u0259firi B\u00fcnyad H\u00fcseynov i\u015ftirak edib.<\/p>\n<\/p><\/div>\n<p><script>\n        (function (d, s, id) {\n            var js, fjs = d.getElementsByTagName(s)[0];\n            if (d.getElementById(id)) return;\n            js = d.createElement(s);\n            js.id = id;\n            js.src = \"\/\/connect.facebook.net\/az_AZ\/sdk.js#xfbml=1&version=v2.7&appId=\";\n            fjs.parentNode.insertBefore(js, fjs);\n        }(document, 'script', 'facebook-jssdk'));\n    <\/script><\/p>\n","protected":false},"excerpt":{"rendered":"<p>Ba\u015f prokuror Kamran \u018fliyev Pekin\u0259 i\u015fg\u00fczar s\u0259f\u0259ri \u00e7\u0259r\u00e7iv\u0259sind\u0259 \u00c7inin Ba\u015f prokuroru Yinq Yonq il\u0259 ikit\u0259r\u0259fli g\u00f6r\u00fc\u015f ke\u00e7irib. Millinews.az x\u0259b\u0259r verir ki, n\u00fcmay\u0259nd\u0259 hey\u0259tini s\u0259mimi salamlayan Yinq Az\u0259rbaycan v\u0259 \u00c7inin dost d\u00f6vl\u0259tl\u0259r oldu\u011funu bildir\u0259r\u0259k bir \u00e7ox sah\u0259ni \u0259hat\u0259 ed\u0259n u\u011furlu \u0259m\u0259kda\u015fl\u0131\u011f\u0131n davam etdirildiyini vur\u011fulay\u0131b. Yinq Yonq \u00f6t\u0259n ilin sentyabr ay\u0131nda S\u0259m\u0259rq\u0259ndd\u0259 d\u00f6vl\u0259t ba\u015f\u00e7\u0131lar\u0131n\u0131n g\u00f6r\u00fc\u015f\u00fcn\u00fc xat\u0131rladaraq, bu &hellip;<\/p>\n","protected":false},"author":1,"featured_media":3193,"comment_status":"open","ping_status":"closed","sticky":false,"template":"","format":"standard","meta":{"footnotes":""},"categories":[9],"tags":[],"class_list":["post-3192","post","type-post","status-publish","format-standard","has-post-thumbnail","hentry","category-xeber"],"_links":{"self":[{"href":"https:\/\/millitv.net\/index.php?rest_route=\/wp\/v2\/posts\/3192","targetHints":{"allow":["GET"]}}],"collection":[{"href":"https:\/\/millitv.net\/index.php?rest_route=\/wp\/v2\/posts"}],"about":[{"href":"https:\/\/millitv.net\/index.php?rest_route=\/wp\/v2\/types\/post"}],"author":[{"embeddable":true,"href":"https:\/\/millitv.net\/index.php?rest_route=\/wp\/v2\/users\/1"}],"replies":[{"embeddable":true,"href":"https:\/\/millitv.net\/index.php?rest_route=%2Fwp%2Fv2%2Fcomments&post=3192"}],"version-history":[{"count":0,"href":"https:\/\/millitv.net\/index.php?rest_route=\/wp\/v2\/posts\/3192\/revisions"}],"wp:featuredmedia":[{"embeddable":true,"href":"https:\/\/millitv.net\/index.php?rest_route=\/wp\/v2\/media\/3193"}],"wp:attachment":[{"href":"https:\/\/millitv.net\/index.php?rest_route=%2Fwp%2Fv2%2Fmedia&parent=3192"}],"wp:term":[{"taxonomy":"category","embeddable":true,"href":"https:\/\/millitv.net\/index.php?rest_route=%2Fwp%2Fv2%2Fcategories&post=3192"},{"taxonomy":"post_tag","embeddable":true,"href":"https:\/\/millitv.net\/index.php?rest_route=%2Fwp%2Fv2%2Ftags&post=3192"}],"curies":[{"name":"wp","href":"https:\/\/api.w.org\/{rel}","templated":true}]}}