{"id":3190,"date":"2023-10-19T09:03:32","date_gmt":"2023-10-19T09:03:32","guid":{"rendered":"https:\/\/millinews.az\/xeber\/bakida-fransa-must%C9%99ml%C9%99k%C9%99ciliyin%C9%99-qarsi-baki-t%C9%99s%C9%99bbus-qrupunun-konfransi-keciril%C9%99c%C9%99k\/"},"modified":"2023-10-19T09:03:32","modified_gmt":"2023-10-19T09:03:32","slug":"bakida-fransa-must%C9%99ml%C9%99k%C9%99ciliyin%C9%99-qarsi-baki-t%C9%99s%C9%99bbus-qrupunun-konfransi-keciril%C9%99c%C9%99k","status":"publish","type":"post","link":"https:\/\/millitv.net\/?p=3190","title":{"rendered":"Bak\u0131da Fransa m\u00fcst\u0259ml\u0259k\u0259\u00e7iliyin\u0259 qar\u015f\u0131 Bak\u0131 T\u0259\u015f\u0259bb\u00fcs Qrupunun konfrans\u0131 ke\u00e7iril\u0259c\u0259k"},"content":{"rendered":"<div id=\"maincontent\">&#13;<br \/>\n        &#13;<\/p>\n<p><strong>Oktyabr\u0131n 20-d\u0259 Bak\u0131da Bak\u0131 T\u0259\u015f\u0259bb\u00fcs Qrupunun t\u0259\u015fkilat\u00e7\u0131l\u0131\u011f\u0131 il\u0259 \u201cNeokolonizalizm: \u0130nsan H\u00fcquqlar\u0131n\u0131n Pozulmas\u0131 v\u0259 \u018fdal\u0259tsizlik\u201d adl\u0131 beyn\u0259lxalq konfrans ke\u00e7iril\u0259c\u0259k.<\/strong><\/p>\n<p><a href=\"https:\/\/Millinews.az\" target=\"_blank\" class=\"kw-link\" rel=\"noopener\">Millinews.az<\/a> x\u0259b\u0259r verir ki, konfransda 14 \u00f6lk\u0259d\u0259n, el\u0259c\u0259 d\u0259 Fransan\u0131n m\u00fcst\u0259ml\u0259k\u0259 alt\u0131nda saxlad\u0131\u011f\u0131 d\u0259niza\u015f\u0131r\u0131 \u0259razil\u0259rinin, h\u0259m\u00e7inin Korsika t\u0259msil\u00e7il\u0259ri d\u0259 i\u015ftirak ed\u0259c\u0259kl\u0259r. &#13;\n<\/p>\n<p>Qeyd ed\u0259k ki, Fransa m\u00fcst\u0259ml\u0259k\u0259\u00e7iliyin\u0259 qar\u015f\u0131 Bak\u0131 T\u0259\u015f\u0259bb\u00fcs Qrupu iyulun 6-da Bak\u0131da Qo\u015fulmama H\u0259r\u0259kat\u0131n\u0131n \u018flaq\u0259l\u0259ndirm\u0259 Ofisinin Nazirl\u0259r Toplant\u0131s\u0131 \u00e7\u0259r\u00e7iv\u0259sind\u0259 yarad\u0131l\u0131b.<\/p>\n<p>Bak\u0131 T\u0259\u015f\u0259bb\u00fcs Qrupu Qo\u015fulmama H\u0259r\u0259kat\u0131n\u0131n m\u00fcst\u0259ml\u0259k\u0259\u00e7ilik v\u0259 yeni-m\u00fcst\u0259ml\u0259k\u0259\u00e7ilik t\u0259cr\u00fcb\u0259l\u0259rin\u0259 qar\u015f\u0131 m\u00fcbariz\u0259d\u0259 prinsipial m\u00f6vqeyinin \u0259sasl\u0131l\u0131\u011f\u0131n\u0131 v\u0259 aktuall\u0131\u011f\u0131n\u0131 t\u0259sdiql\u0259yib, Fransan\u0131n xaricd\u0259ki m\u00fcst\u0259ml\u0259k\u0259l\u0259rind\u0259 \u0259dal\u0259t v\u0259 azadl\u0131q u\u011frunda apard\u0131qlar\u0131 m\u00fcbariz\u0259d\u0259 \u00f6z h\u0259mr\u0259ylik \u015f\u0259b\u0259k\u0259l\u0259rini strukturla\u015fd\u0131rmaq bar\u0259d\u0259 raz\u0131l\u0131\u011fa g\u0259libl\u0259r.&#13;<br \/>\n        &#13;<br \/>\n&#13;<br \/>\n        &#13;<br \/>\n&#13;\n        <\/p>\n<p><noscript><\/p>\n<p>You must enable Javascript on your browser for the site to work optimally and display sections completely.<\/p>\n<p><\/noscript>\t\t&#13;<br \/>\n\t\t&#13;\n    <\/div>\n<p><script type=\"text\/javascript\">jQuery(document).ready(function () {\n(function(d, s, id) {\n    var js, fjs = d.getElementsByTagName(s)[0];\n    if (d.getElementById(id))\n        return;\n    js = d.createElement(s);\n    js.id = id;\n    js.src = \"\/\/connect.facebook.net\/az_AZ\/all.js#xfbml=1&appId=1002485763137712\";\n    fjs.parentNode.insertBefore(js, fjs);\n}(document, 'script', 'facebook-jssdk'));                \n});<\/script><\/p>\n","protected":false},"excerpt":{"rendered":"<p>&#13; &#13; Oktyabr\u0131n 20-d\u0259 Bak\u0131da Bak\u0131 T\u0259\u015f\u0259bb\u00fcs Qrupunun t\u0259\u015fkilat\u00e7\u0131l\u0131\u011f\u0131 il\u0259 \u201cNeokolonizalizm: \u0130nsan H\u00fcquqlar\u0131n\u0131n Pozulmas\u0131 v\u0259 \u018fdal\u0259tsizlik\u201d adl\u0131 beyn\u0259lxalq konfrans ke\u00e7iril\u0259c\u0259k. Millinews.az x\u0259b\u0259r verir ki, konfransda 14 \u00f6lk\u0259d\u0259n, el\u0259c\u0259 d\u0259 Fransan\u0131n m\u00fcst\u0259ml\u0259k\u0259 alt\u0131nda saxlad\u0131\u011f\u0131 d\u0259niza\u015f\u0131r\u0131 \u0259razil\u0259rinin, h\u0259m\u00e7inin Korsika t\u0259msil\u00e7il\u0259ri d\u0259 i\u015ftirak ed\u0259c\u0259kl\u0259r. &#13; Qeyd ed\u0259k ki, Fransa m\u00fcst\u0259ml\u0259k\u0259\u00e7iliyin\u0259 qar\u015f\u0131 Bak\u0131 T\u0259\u015f\u0259bb\u00fcs Qrupu iyulun 6-da Bak\u0131da Qo\u015fulmama &hellip;<\/p>\n","protected":false},"author":1,"featured_media":3191,"comment_status":"open","ping_status":"closed","sticky":false,"template":"","format":"standard","meta":{"footnotes":""},"categories":[9],"tags":[],"class_list":["post-3190","post","type-post","status-publish","format-standard","has-post-thumbnail","hentry","category-xeber"],"_links":{"self":[{"href":"https:\/\/millitv.net\/index.php?rest_route=\/wp\/v2\/posts\/3190","targetHints":{"allow":["GET"]}}],"collection":[{"href":"https:\/\/millitv.net\/index.php?rest_route=\/wp\/v2\/posts"}],"about":[{"href":"https:\/\/millitv.net\/index.php?rest_route=\/wp\/v2\/types\/post"}],"author":[{"embeddable":true,"href":"https:\/\/millitv.net\/index.php?rest_route=\/wp\/v2\/users\/1"}],"replies":[{"embeddable":true,"href":"https:\/\/millitv.net\/index.php?rest_route=%2Fwp%2Fv2%2Fcomments&post=3190"}],"version-history":[{"count":0,"href":"https:\/\/millitv.net\/index.php?rest_route=\/wp\/v2\/posts\/3190\/revisions"}],"wp:featuredmedia":[{"embeddable":true,"href":"https:\/\/millitv.net\/index.php?rest_route=\/wp\/v2\/media\/3191"}],"wp:attachment":[{"href":"https:\/\/millitv.net\/index.php?rest_route=%2Fwp%2Fv2%2Fmedia&parent=3190"}],"wp:term":[{"taxonomy":"category","embeddable":true,"href":"https:\/\/millitv.net\/index.php?rest_route=%2Fwp%2Fv2%2Fcategories&post=3190"},{"taxonomy":"post_tag","embeddable":true,"href":"https:\/\/millitv.net\/index.php?rest_route=%2Fwp%2Fv2%2Ftags&post=3190"}],"curies":[{"name":"wp","href":"https:\/\/api.w.org\/{rel}","templated":true}]}}