{"id":3154,"date":"2023-10-19T06:54:33","date_gmt":"2023-10-19T06:54:33","guid":{"rendered":"https:\/\/millinews.az\/xeber\/xocav%C9%99ndd%C9%99-h%C9%99lak-olan-polisin-m%C9%99zarinin-goruntusu\/"},"modified":"2023-10-19T06:54:33","modified_gmt":"2023-10-19T06:54:33","slug":"xocav%C9%99ndd%C9%99-h%C9%99lak-olan-polisin-m%C9%99zarinin-goruntusu","status":"publish","type":"post","link":"https:\/\/millitv.net\/?p=3154","title":{"rendered":"Xocav\u0259ndd\u0259 h\u0259lak olan polisin m\u0259zar\u0131n\u0131n g\u00f6r\u00fcnt\u00fcs\u00fc"},"content":{"rendered":"<div id=\"maincontent\">&#13;<br \/>\n        &#13;<\/p>\n<p><strong>19 sentyabrda Xocav\u0259ndd\u0259 minaya d\u00fc\u015f\u0259r\u0259k h\u0259lak olan polis \u0259m\u0259kda\u015flar\u0131ndan biri &#8211; 1994-c\u00fc il t\u0259v\u0259ll\u00fcdl\u00fc Camalzad\u0259 Asim Knyaz o\u011flunun m\u0259zar da\u015f\u0131 qoyulub.<\/strong><\/p>\n<p><a href=\"https:\/\/Millinews.az\" target=\"_blank\" class=\"kw-link\" rel=\"noopener\">Millinews.az<\/a> bildirir ki, bu bar\u0259d\u0259 onun yax\u0131n qohumu olan &#8220;X\u0259z\u0259rX\u0259b\u0259r&#8221;in apar\u0131c\u0131 redaktoru Az\u0259r Teymurlu m\u0259lumat payla\u015f\u0131b.  &#13;\n<\/p>\n<p><img decoding=\"async\" src=\"https:\/\/Millinews.az\/uploads\/317\/0a85dfb32f-3936322842353078295533753586251530683697433n.jpg\" alt=\"\" title=\"\"><br \/>&#13;<br \/>\n        &#13;<br \/>\n&#13;<br \/>\n        &#13;<br \/>\n&#13;\n        <\/p>\n<p><noscript><\/p>\n<p>You must enable Javascript on your browser for the site to work optimally and display sections completely.<\/p>\n<p><\/noscript>\t\t&#13;<br \/>\n\t\t&#13;\n    <\/div>\n<p><script type=\"text\/javascript\">jQuery(document).ready(function () {\n(function(d, s, id) {\n    var js, fjs = d.getElementsByTagName(s)[0];\n    if (d.getElementById(id))\n        return;\n    js = d.createElement(s);\n    js.id = id;\n    js.src = \"\/\/connect.facebook.net\/az_AZ\/all.js#xfbml=1&appId=1002485763137712\";\n    fjs.parentNode.insertBefore(js, fjs);\n}(document, 'script', 'facebook-jssdk'));                \n});<\/script><\/p>\n","protected":false},"excerpt":{"rendered":"<p>&#13; &#13; 19 sentyabrda Xocav\u0259ndd\u0259 minaya d\u00fc\u015f\u0259r\u0259k h\u0259lak olan polis \u0259m\u0259kda\u015flar\u0131ndan biri &#8211; 1994-c\u00fc il t\u0259v\u0259ll\u00fcdl\u00fc Camalzad\u0259 Asim Knyaz o\u011flunun m\u0259zar da\u015f\u0131 qoyulub. Millinews.az bildirir ki, bu bar\u0259d\u0259 onun yax\u0131n qohumu olan &#8220;X\u0259z\u0259rX\u0259b\u0259r&#8221;in apar\u0131c\u0131 redaktoru Az\u0259r Teymurlu m\u0259lumat payla\u015f\u0131b. &#13; &#13; &#13; &#13; &#13; &#13; You must enable Javascript on your browser for the site &hellip;<\/p>\n","protected":false},"author":1,"featured_media":3155,"comment_status":"open","ping_status":"closed","sticky":false,"template":"","format":"standard","meta":{"footnotes":""},"categories":[9],"tags":[],"class_list":["post-3154","post","type-post","status-publish","format-standard","has-post-thumbnail","hentry","category-xeber"],"_links":{"self":[{"href":"https:\/\/millitv.net\/index.php?rest_route=\/wp\/v2\/posts\/3154","targetHints":{"allow":["GET"]}}],"collection":[{"href":"https:\/\/millitv.net\/index.php?rest_route=\/wp\/v2\/posts"}],"about":[{"href":"https:\/\/millitv.net\/index.php?rest_route=\/wp\/v2\/types\/post"}],"author":[{"embeddable":true,"href":"https:\/\/millitv.net\/index.php?rest_route=\/wp\/v2\/users\/1"}],"replies":[{"embeddable":true,"href":"https:\/\/millitv.net\/index.php?rest_route=%2Fwp%2Fv2%2Fcomments&post=3154"}],"version-history":[{"count":0,"href":"https:\/\/millitv.net\/index.php?rest_route=\/wp\/v2\/posts\/3154\/revisions"}],"wp:featuredmedia":[{"embeddable":true,"href":"https:\/\/millitv.net\/index.php?rest_route=\/wp\/v2\/media\/3155"}],"wp:attachment":[{"href":"https:\/\/millitv.net\/index.php?rest_route=%2Fwp%2Fv2%2Fmedia&parent=3154"}],"wp:term":[{"taxonomy":"category","embeddable":true,"href":"https:\/\/millitv.net\/index.php?rest_route=%2Fwp%2Fv2%2Fcategories&post=3154"},{"taxonomy":"post_tag","embeddable":true,"href":"https:\/\/millitv.net\/index.php?rest_route=%2Fwp%2Fv2%2Ftags&post=3154"}],"curies":[{"name":"wp","href":"https:\/\/api.w.org\/{rel}","templated":true}]}}