{"id":3116,"date":"2023-10-19T04:06:58","date_gmt":"2023-10-19T04:06:58","guid":{"rendered":"https:\/\/millinews.az\/xeber\/q%C9%99zzaya-humanitar-yardim-d%C9%99rhal-catdirilmalidir\/"},"modified":"2023-10-19T04:06:58","modified_gmt":"2023-10-19T04:06:58","slug":"q%C9%99zzaya-humanitar-yardim-d%C9%99rhal-catdirilmalidir","status":"publish","type":"post","link":"https:\/\/millitv.net\/?p=3116","title":{"rendered":"Q\u0259zzaya humanitar yard\u0131m d\u0259rhal \u00e7atd\u0131r\u0131lmal\u0131d\u0131r"},"content":{"rendered":"<p><img decoding=\"async\" src=\"https:\/\/Millinews.az\/storage\/2023\/10\/19\/652b957b9a858.jpg\" alt=\"\" title=\"\"><\/p>\n<div id=\"mvp-content-main\">\n<p><strong>\u201cLiverpul\u201dun misirli futbol\u00e7usu M\u0259h\u0259mm\u0259d Salah F\u0259l\u0259stinl\u0259 \u0130srail aras\u0131ndak\u0131 m\u00fcnaqi\u015f\u0259y\u0259 m\u00fcnasib\u0259t bildirib.<\/strong><\/p>\n<p><strong><a target=\"_blank\" href=\"https:\/\/Millinews.az\" rel=\"noopener\">Millinews.az<\/a><\/strong> x\u0259b\u0259r verir ki, bu bar\u0259d\u0259 h\u00fccum\u00e7u sosial \u015f\u0259b\u0259k\u0259d\u0259 <a href=\"https:\/\/twitter.com\/MoSalah\/status\/1714719241306243584\" target=\"_blank\" rel=\"noopener\">payla\u015f\u0131m<\/a> edib.<\/p>\n<p>\u201cBel\u0259 vaxtlarda dan\u0131\u015fmaq h\u0259mi\u015f\u0259 \u00e7\u0259tindir. H\u0259ddind\u0259n art\u0131q zorak\u0131l\u0131q v\u0259 \u00fcr\u0259k a\u011fr\u0131dan q\u0259ddarl\u0131q ba\u015f verir. Son h\u0259ft\u0259l\u0259rd\u0259ki eskalasiyan\u0131 izl\u0259m\u0259k qorxuncdur. B\u00fct\u00fcn h\u0259yatlar m\u00fcq\u0259dd\u0259sdir v\u0259 qorunmal\u0131d\u0131r. Bu hadis\u0259l\u0259r\u0259 son qoyulmal\u0131d\u0131r. Ail\u0259l\u0259r da\u011f\u0131l\u0131r. \u0130ndi ayd\u0131n olan odur ki, humanitar yard\u0131m d\u0259rhal Q\u0259zzaya \u00e7atmal\u0131d\u0131r. Orada insanlar d\u0259h\u015f\u0259tli v\u0259ziyy\u0259td\u0259dir. X\u0259st\u0259xanada d\u00fcn\u0259n ba\u015f ver\u0259nl\u0259r d\u0259h\u015f\u0259tli idi. Q\u0259zza \u0259halisinin t\u0259cili olaraq qida, su v\u0259 d\u0259rmana ehtiyac\u0131 var. M\u0259n d\u00fcnya liderl\u0259rini g\u00fcnahs\u0131z insanlar\u0131n q\u0131r\u0131lmas\u0131n\u0131n qar\u015f\u0131s\u0131n\u0131 alma\u011fa \u00e7a\u011f\u0131r\u0131ram. B\u0259\u015f\u0259riyy\u0259t qalib g\u0259lm\u0259lidir\u201d, &#8211; Salah videom\u00fcraci\u0259td\u0259 deyib.<\/p>\n<\/p><\/div>\n<p><script async src=\"\/\/platform.twitter.com\/widgets.js\" charset=\"utf-8\"><\/script><script>\n        (function (d, s, id) {\n            var js, fjs = d.getElementsByTagName(s)[0];\n            if (d.getElementById(id)) return;\n            js = d.createElement(s);\n            js.id = id;\n            js.src = \"\/\/connect.facebook.net\/az_AZ\/sdk.js#xfbml=1&version=v2.7&appId=\";\n            fjs.parentNode.insertBefore(js, fjs);\n        }(document, 'script', 'facebook-jssdk'));\n    <\/script><\/p>\n","protected":false},"excerpt":{"rendered":"<p>\u201cLiverpul\u201dun misirli futbol\u00e7usu M\u0259h\u0259mm\u0259d Salah F\u0259l\u0259stinl\u0259 \u0130srail aras\u0131ndak\u0131 m\u00fcnaqi\u015f\u0259y\u0259 m\u00fcnasib\u0259t bildirib. Millinews.az x\u0259b\u0259r verir ki, bu bar\u0259d\u0259 h\u00fccum\u00e7u sosial \u015f\u0259b\u0259k\u0259d\u0259 payla\u015f\u0131m edib. \u201cBel\u0259 vaxtlarda dan\u0131\u015fmaq h\u0259mi\u015f\u0259 \u00e7\u0259tindir. H\u0259ddind\u0259n art\u0131q zorak\u0131l\u0131q v\u0259 \u00fcr\u0259k a\u011fr\u0131dan q\u0259ddarl\u0131q ba\u015f verir. Son h\u0259ft\u0259l\u0259rd\u0259ki eskalasiyan\u0131 izl\u0259m\u0259k qorxuncdur. B\u00fct\u00fcn h\u0259yatlar m\u00fcq\u0259dd\u0259sdir v\u0259 qorunmal\u0131d\u0131r. Bu hadis\u0259l\u0259r\u0259 son qoyulmal\u0131d\u0131r. Ail\u0259l\u0259r da\u011f\u0131l\u0131r. \u0130ndi ayd\u0131n olan &hellip;<\/p>\n","protected":false},"author":1,"featured_media":3117,"comment_status":"open","ping_status":"closed","sticky":false,"template":"","format":"standard","meta":{"footnotes":""},"categories":[9],"tags":[],"class_list":["post-3116","post","type-post","status-publish","format-standard","has-post-thumbnail","hentry","category-xeber"],"_links":{"self":[{"href":"https:\/\/millitv.net\/index.php?rest_route=\/wp\/v2\/posts\/3116","targetHints":{"allow":["GET"]}}],"collection":[{"href":"https:\/\/millitv.net\/index.php?rest_route=\/wp\/v2\/posts"}],"about":[{"href":"https:\/\/millitv.net\/index.php?rest_route=\/wp\/v2\/types\/post"}],"author":[{"embeddable":true,"href":"https:\/\/millitv.net\/index.php?rest_route=\/wp\/v2\/users\/1"}],"replies":[{"embeddable":true,"href":"https:\/\/millitv.net\/index.php?rest_route=%2Fwp%2Fv2%2Fcomments&post=3116"}],"version-history":[{"count":0,"href":"https:\/\/millitv.net\/index.php?rest_route=\/wp\/v2\/posts\/3116\/revisions"}],"wp:featuredmedia":[{"embeddable":true,"href":"https:\/\/millitv.net\/index.php?rest_route=\/wp\/v2\/media\/3117"}],"wp:attachment":[{"href":"https:\/\/millitv.net\/index.php?rest_route=%2Fwp%2Fv2%2Fmedia&parent=3116"}],"wp:term":[{"taxonomy":"category","embeddable":true,"href":"https:\/\/millitv.net\/index.php?rest_route=%2Fwp%2Fv2%2Fcategories&post=3116"},{"taxonomy":"post_tag","embeddable":true,"href":"https:\/\/millitv.net\/index.php?rest_route=%2Fwp%2Fv2%2Ftags&post=3116"}],"curies":[{"name":"wp","href":"https:\/\/api.w.org\/{rel}","templated":true}]}}