{"id":3114,"date":"2023-10-19T03:56:02","date_gmt":"2023-10-19T03:56:02","guid":{"rendered":"https:\/\/millinews.az\/xeber\/buxarda-bismis-duyu-sinir-sisteminin-d%C9%99rmanidir\/"},"modified":"2023-10-19T03:56:02","modified_gmt":"2023-10-19T03:56:02","slug":"buxarda-bismis-duyu-sinir-sisteminin-d%C9%99rmanidir","status":"publish","type":"post","link":"https:\/\/millitv.net\/?p=3114","title":{"rendered":"Buxarda bi\u015fmi\u015f d\u00fcy\u00fc sinir sisteminin d\u0259rman\u0131d\u0131r"},"content":{"rendered":"<p><img decoding=\"async\" src=\"https:\/\/Millinews.az\/storage\/2023\/10\/19\/2023-10-18-17-45-49753cknuzjk4gzwaolero_file.jpg\" alt=\"\" title=\"\"><\/p>\n<div id=\"mvp-content-main\">\n<p><strong>Sad\u0259c\u0259 suda v\u0259 ya buxarda, ya\u011fs\u0131z bi\u015firilmi\u015f d\u00fcy\u00fc nevroloji sa\u011flaml\u0131q \u00fc\u00e7\u00fcn vacibdir.<\/strong><\/p>\n<p><strong><a target=\"_blank\" href=\"https:\/\/Millinews.az\" rel=\"noopener\">Millinews.az<\/a><\/strong> medicina.az-a istinad\u0259n x\u0259b\u0259r verir ki, terapevt Marqarita Koroleva bel\u0259 d\u00fcy\u00fcn\u00fcn B qrup vitaminl\u0259rl\u0259 z\u0259ngin oldu\u011funu bildirib.<\/p>\n<p>\u201cBuxar d\u00fcy\u00fc qab\u0131\u011f\u0131n\u0131 yum\u015faldan zaman orda olan virtamin, minerallar d\u00fcy\u00fcn\u00fcn daxili hiss\u0259sin\u0259 ke\u00e7ir. B qrup vitaminl\u0259ri sinir sisteminin normal funksiyas\u0131 \u00fc\u00e7\u00fcn vacibdir. \u018fg\u0259r bu vitaminl\u0259r \u00e7at\u0131\u015fmasa, nevroloji pozulmalar, el dili il\u0259 des\u0259k, nevroz yaran\u0131r.<\/p>\n<p>Amma d\u00fcy\u00fcn\u00fc bi\u015firm\u0259zd\u0259n \u0259vv\u0259l bir ne\u00e7\u0259 d\u0259f\u0259 yuyulmal\u0131 v\u0259 islad\u0131lmal\u0131d\u0131r. Bel\u0259 etdikd\u0259, d\u00fcy\u00fcd\u0259 olan ni\u015fasta azal\u0131r, y\u00fcks\u0259k qlikemik indeksi d\u00fc\u015f\u00fcr.<\/p>\n<p>D\u00fcy\u00fcn\u00fc m\u00fctl\u0259q hans\u0131sa g\u00f6y\u0259rti v\u0259 ni\u015fastas\u0131z t\u0259r\u0259v\u0259zl\u0259 birg\u0259 yem\u0259k laz\u0131md\u0131r. \u018fks t\u0259qdird\u0259 q\u0259bizlik \u0259m\u0259l\u0259 g\u0259tirir. X\u00fcsus\u0259n ya\u015fl\u0131lar\u0131n, t\u0259r\u0259v\u0259zsiz d\u00fcy\u00fc yem\u0259si z\u0259r\u0259rlidir.<\/p>\n<p>Ya\u011fs\u0131z, duzsuz d\u00fcy\u00fc b\u00fct\u00fcn orqanizm v\u0259 ba\u011f\u0131rsaqlar \u00fc\u00e7\u00fcn detoks rolu oynay\u0131r\u201d, &#8211; h\u0259kim qeyd edib.<\/p>\n<\/p><\/div>\n<p><script>\n        (function (d, s, id) {\n            var js, fjs = d.getElementsByTagName(s)[0];\n            if (d.getElementById(id)) return;\n            js = d.createElement(s);\n            js.id = id;\n            js.src = \"\/\/connect.facebook.net\/az_AZ\/sdk.js#xfbml=1&version=v2.7&appId=\";\n            fjs.parentNode.insertBefore(js, fjs);\n        }(document, 'script', 'facebook-jssdk'));\n    <\/script><\/p>\n","protected":false},"excerpt":{"rendered":"<p>Sad\u0259c\u0259 suda v\u0259 ya buxarda, ya\u011fs\u0131z bi\u015firilmi\u015f d\u00fcy\u00fc nevroloji sa\u011flaml\u0131q \u00fc\u00e7\u00fcn vacibdir. Millinews.az medicina.az-a istinad\u0259n x\u0259b\u0259r verir ki, terapevt Marqarita Koroleva bel\u0259 d\u00fcy\u00fcn\u00fcn B qrup vitaminl\u0259rl\u0259 z\u0259ngin oldu\u011funu bildirib. \u201cBuxar d\u00fcy\u00fc qab\u0131\u011f\u0131n\u0131 yum\u015faldan zaman orda olan virtamin, minerallar d\u00fcy\u00fcn\u00fcn daxili hiss\u0259sin\u0259 ke\u00e7ir. B qrup vitaminl\u0259ri sinir sisteminin normal funksiyas\u0131 \u00fc\u00e7\u00fcn vacibdir. \u018fg\u0259r bu vitaminl\u0259r \u00e7at\u0131\u015fmasa, &hellip;<\/p>\n","protected":false},"author":1,"featured_media":3115,"comment_status":"open","ping_status":"closed","sticky":false,"template":"","format":"standard","meta":{"footnotes":""},"categories":[9],"tags":[],"class_list":["post-3114","post","type-post","status-publish","format-standard","has-post-thumbnail","hentry","category-xeber"],"_links":{"self":[{"href":"https:\/\/millitv.net\/index.php?rest_route=\/wp\/v2\/posts\/3114","targetHints":{"allow":["GET"]}}],"collection":[{"href":"https:\/\/millitv.net\/index.php?rest_route=\/wp\/v2\/posts"}],"about":[{"href":"https:\/\/millitv.net\/index.php?rest_route=\/wp\/v2\/types\/post"}],"author":[{"embeddable":true,"href":"https:\/\/millitv.net\/index.php?rest_route=\/wp\/v2\/users\/1"}],"replies":[{"embeddable":true,"href":"https:\/\/millitv.net\/index.php?rest_route=%2Fwp%2Fv2%2Fcomments&post=3114"}],"version-history":[{"count":0,"href":"https:\/\/millitv.net\/index.php?rest_route=\/wp\/v2\/posts\/3114\/revisions"}],"wp:featuredmedia":[{"embeddable":true,"href":"https:\/\/millitv.net\/index.php?rest_route=\/wp\/v2\/media\/3115"}],"wp:attachment":[{"href":"https:\/\/millitv.net\/index.php?rest_route=%2Fwp%2Fv2%2Fmedia&parent=3114"}],"wp:term":[{"taxonomy":"category","embeddable":true,"href":"https:\/\/millitv.net\/index.php?rest_route=%2Fwp%2Fv2%2Fcategories&post=3114"},{"taxonomy":"post_tag","embeddable":true,"href":"https:\/\/millitv.net\/index.php?rest_route=%2Fwp%2Fv2%2Ftags&post=3114"}],"curies":[{"name":"wp","href":"https:\/\/api.w.org\/{rel}","templated":true}]}}