{"id":3110,"date":"2023-10-19T03:23:27","date_gmt":"2023-10-19T03:23:27","guid":{"rendered":"https:\/\/millinews.az\/xeber\/az%C9%99rbaycan-z%C9%99ng%C9%99zuru-bu-cur-alacaq\/"},"modified":"2023-10-19T03:23:27","modified_gmt":"2023-10-19T03:23:27","slug":"az%C9%99rbaycan-z%C9%99ng%C9%99zuru-bu-cur-alacaq","status":"publish","type":"post","link":"https:\/\/millitv.net\/?p=3110","title":{"rendered":"Az\u0259rbaycan Z\u0259ng\u0259zuru bu c\u00fcr alacaq"},"content":{"rendered":"<p><img decoding=\"async\" src=\"https:\/\/Millinews.az\/storage\/2023\/10\/19\/zengezur-caliber1.jpg\" alt=\"\" title=\"\"><\/p>\n<div id=\"mvp-content-main\">\n<p><strong>Az\u0259rbaycan\u0131n n\u00f6vb\u0259ti h\u0259d\u0259fi Z\u0259ng\u0259zurdur.<\/strong><\/p>\n<p><strong><a target=\"_blank\" href=\"https:\/\/Millinews.az\" rel=\"noopener\">Millinews.az<\/a><\/strong> <a href=\"https:\/\/axar.az\/\" target=\"_blank\" rel=\"noopener\">Axar.az<\/a>-a istinad\u0259n x\u0259b\u0259r verir ki, bu s\u00f6zl\u0259ri erm\u0259ni medias\u0131na a\u00e7\u0131qlamas\u0131nda rusiyal\u0131 tarix\u00e7i, erm\u0259nip\u0259r\u0259st ekspert Modest Kolerov deyib.<\/p>\n<p>\u201cZ\u0259ng\u0259zurun (S\u00fcnik rayonu) an\u015fl\u00fcs\u00fc (birl\u0259\u015fdirm\u0259 &#8211; Almaniyan\u0131n Avstriyan\u0131 \u00f6z\u00fcn\u0259 birl\u0259\u015fdirm\u0259 siyas\u0259ti \u2013 red.) m\u00fcxt\u0259lif c\u00fcr ola bil\u0259r. Son hadis\u0259l\u0259r\u0259 q\u0259d\u0259r Z\u0259ng\u0259zurun \u0259halisi 43 mind\u0259n 7 min\u0259 q\u0259d\u0259r azalm\u0131\u015fd\u0131. \u0130ndi orda Qaraba\u011fdan k\u00f6\u00e7\u0259nl\u0259rd\u0259n b\u0259zil\u0259rini yerl\u0259\u015fdiribl\u0259r. Amma onlar m\u00fcxt\u0259lif yerl\u0259rd\u0259 m\u0259skunla\u015facaqlar, ona g\u00f6r\u0259 d\u0259 region \u0259hali azalmas\u0131 t\u0259hl\u00fck\u0259si il\u0259 \u00fcz-\u00fcz\u0259dir\u201d, &#8211; o bildirib.<\/p>\n<p>Kolerovin s\u00f6zl\u0259rin\u0259 g\u00f6r\u0259, m\u0259hz depopulyasiya an\u015fl\u00fcs\u00fcn metodu ola bil\u0259r.<\/p>\n<p>Bak\u0131n\u0131n Az\u0259rbaycan\u0131n q\u0259rb rayonlar\u0131 il\u0259 Nax\u00e7\u0131van aras\u0131nda \u0130ran vasit\u0259sil\u0259 d\u0259 \u0259laq\u0259 yaratmaq b\u0259yanatlar\u0131na g\u0259linc\u0259, tarix\u00e7inin fikrinc\u0259, bu \u0259laq\u0259 art\u0131q qurulur:<\/p>\n<p>\u201cM\u0259s\u0259l\u0259 Z\u0259ng\u0259zurun r\u0259smi statusundan as\u0131l\u0131 olmayaraq, ona n\u0259zar\u0259td\u0259n gedir. \u0130randan ke\u00e7\u0259n d\u0259hliz ist\u0259nil\u0259n halda tikil\u0259c\u0259k, lakin bu, texniki xarakter da\u015f\u0131yacaq. Bak\u0131 v\u0259 Ankara m\u0259hz Z\u0259ng\u0259zurdan birba\u015fa mar\u015frut \u00e7\u0259km\u0259y\u0259 \u00e7al\u0131\u015facaq\u201d.<\/p>\n<p>Onun fikrinc\u0259, \u0259h\u0259miyy\u0259tin\u0259 baxmayaraq, anklavlar h\u0259l\u0259 d\u0259 ki\u00e7ik, prinsipsiz, texniki m\u0259s\u0259l\u0259dir v\u0259 he\u00e7 kim onlarla bazarl\u0131q etm\u0259y\u0259c\u0259k:<\/p>\n<p>\u201cErm\u0259nistan indi onunla s\u00f6vd\u0259l\u0259\u015fm\u0259 etm\u0259k v\u0259ziyy\u0259tind\u0259 deyil. \u0130r\u0259vanla he\u00e7 kim bazarl\u0131q etm\u0259y\u0259c\u0259k\u201d.<\/p>\n<p>O qeyd edib ki, Yax\u0131n \u015e\u0259rqd\u0259ki v\u0259ziyy\u0259t\u0259 baxmayaraq, \u0130ran\u0131n Qafqaza diqq\u0259ti z\u0259ifl\u0259m\u0259y\u0259c\u0259k:<\/p>\n<p>\u201c\u0130ran\u0131n \u015fimal s\u0259rh\u0259di m\u0259s\u0259l\u0259si tamamil\u0259 onun yurisdiksiyas\u0131nda qalacaq v\u0259 Fransa he\u00e7 bir \u015f\u0259kild\u0259 k\u00f6m\u0259k etm\u0259y\u0259c\u0259k. Rus s\u00fclhm\u0259raml\u0131lar is\u0259 ged\u0259c\u0259k\u201d, &#8211; dey\u0259 o yekunla\u015fd\u0131r\u0131b.<\/p>\n<\/p><\/div>\n<p><script>\n        (function (d, s, id) {\n            var js, fjs = d.getElementsByTagName(s)[0];\n            if (d.getElementById(id)) return;\n            js = d.createElement(s);\n            js.id = id;\n            js.src = \"\/\/connect.facebook.net\/az_AZ\/sdk.js#xfbml=1&version=v2.7&appId=\";\n            fjs.parentNode.insertBefore(js, fjs);\n        }(document, 'script', 'facebook-jssdk'));\n    <\/script><\/p>\n","protected":false},"excerpt":{"rendered":"<p>Az\u0259rbaycan\u0131n n\u00f6vb\u0259ti h\u0259d\u0259fi Z\u0259ng\u0259zurdur. Millinews.az Axar.az-a istinad\u0259n x\u0259b\u0259r verir ki, bu s\u00f6zl\u0259ri erm\u0259ni medias\u0131na a\u00e7\u0131qlamas\u0131nda rusiyal\u0131 tarix\u00e7i, erm\u0259nip\u0259r\u0259st ekspert Modest Kolerov deyib. \u201cZ\u0259ng\u0259zurun (S\u00fcnik rayonu) an\u015fl\u00fcs\u00fc (birl\u0259\u015fdirm\u0259 &#8211; Almaniyan\u0131n Avstriyan\u0131 \u00f6z\u00fcn\u0259 birl\u0259\u015fdirm\u0259 siyas\u0259ti \u2013 red.) m\u00fcxt\u0259lif c\u00fcr ola bil\u0259r. Son hadis\u0259l\u0259r\u0259 q\u0259d\u0259r Z\u0259ng\u0259zurun \u0259halisi 43 mind\u0259n 7 min\u0259 q\u0259d\u0259r azalm\u0131\u015fd\u0131. \u0130ndi orda Qaraba\u011fdan k\u00f6\u00e7\u0259nl\u0259rd\u0259n b\u0259zil\u0259rini &hellip;<\/p>\n","protected":false},"author":1,"featured_media":3111,"comment_status":"open","ping_status":"closed","sticky":false,"template":"","format":"standard","meta":{"footnotes":""},"categories":[9],"tags":[],"class_list":["post-3110","post","type-post","status-publish","format-standard","has-post-thumbnail","hentry","category-xeber"],"_links":{"self":[{"href":"https:\/\/millitv.net\/index.php?rest_route=\/wp\/v2\/posts\/3110","targetHints":{"allow":["GET"]}}],"collection":[{"href":"https:\/\/millitv.net\/index.php?rest_route=\/wp\/v2\/posts"}],"about":[{"href":"https:\/\/millitv.net\/index.php?rest_route=\/wp\/v2\/types\/post"}],"author":[{"embeddable":true,"href":"https:\/\/millitv.net\/index.php?rest_route=\/wp\/v2\/users\/1"}],"replies":[{"embeddable":true,"href":"https:\/\/millitv.net\/index.php?rest_route=%2Fwp%2Fv2%2Fcomments&post=3110"}],"version-history":[{"count":0,"href":"https:\/\/millitv.net\/index.php?rest_route=\/wp\/v2\/posts\/3110\/revisions"}],"wp:featuredmedia":[{"embeddable":true,"href":"https:\/\/millitv.net\/index.php?rest_route=\/wp\/v2\/media\/3111"}],"wp:attachment":[{"href":"https:\/\/millitv.net\/index.php?rest_route=%2Fwp%2Fv2%2Fmedia&parent=3110"}],"wp:term":[{"taxonomy":"category","embeddable":true,"href":"https:\/\/millitv.net\/index.php?rest_route=%2Fwp%2Fv2%2Fcategories&post=3110"},{"taxonomy":"post_tag","embeddable":true,"href":"https:\/\/millitv.net\/index.php?rest_route=%2Fwp%2Fv2%2Ftags&post=3110"}],"curies":[{"name":"wp","href":"https:\/\/api.w.org\/{rel}","templated":true}]}}