{"id":3086,"date":"2023-10-19T00:02:16","date_gmt":"2023-10-19T00:02:16","guid":{"rendered":"https:\/\/millinews.az\/xeber\/bayden-sisi-il%C9%99-razilasdi-q%C9%99zzaya-20-masin-yardim\/"},"modified":"2023-10-19T00:02:16","modified_gmt":"2023-10-19T00:02:16","slug":"bayden-sisi-il%C9%99-razilasdi-q%C9%99zzaya-20-masin-yardim","status":"publish","type":"post","link":"https:\/\/millitv.net\/?p=3086","title":{"rendered":"Bayden Sisi il\u0259 raz\u0131la\u015fd\u0131: Q\u0259zzaya 20 ma\u015f\u0131n yard\u0131m&#8230;"},"content":{"rendered":"<p><img decoding=\"async\" src=\"https:\/\/Millinews.az\/storage\/2023\/07\/02\/bayden.jpg\" alt=\"\" title=\"\"><\/p>\n<div id=\"mvp-content-main\">\n<p><strong>Misirin Prezidenti Abd\u00fclf\u0259ttah \u018fl-Sisi \u201cR\u0259fah\u201d s\u0259rh\u0259d-burax\u0131l\u0131\u015f m\u0259nt\u0259q\u0259sinin Q\u0259zza zola\u011f\u0131na humanitar y\u00fck da\u015f\u0131yan 20 avtomobil \u00fc\u00e7\u00fcn a\u00e7\u0131lmas\u0131na raz\u0131la\u015f\u0131b.<\/strong><\/p>\n<p><strong><a target=\"_blank\" href=\"https:\/\/Millinews.az\" rel=\"noopener\">Millinews.az<\/a><\/strong> <a href=\"https:\/\/english.alarabiya.net\/News\/middle-east\/2023\/10\/19\/Biden-says-Egypt-s-Sisi-has-agreed-to-open-Rafah-crossing-for-20-trucks\" target=\"_blank\" rel=\"noopener\">\u201cAl Arabiya\u201d<\/a>ya istinad\u0259n x\u0259b\u0259r verir ki, bunu AB\u015e-nin Prezidenti Cozef Bayden jurnalistl\u0259r\u0259 a\u00e7\u0131qlamas\u0131nda bildirib.<\/p>\n<p>Qeyd ed\u0259k ki, Baydenl\u0259 \u018fl-Sisi aras\u0131nda <a href=\"https:\/\/www.whitehouse.gov\/briefing-room\/statements-releases\/2023\/10\/18\/readout-of-president-joseph-r-biden-jr-call-with-president-abdel-fattah-al-sisi-of-egypt-3\/\" target=\"_blank\" rel=\"noopener\">telefon dan\u0131\u015f\u0131\u011f\u0131<\/a> olub.<\/p>\n<\/p><\/div>\n<p><script>\n        (function (d, s, id) {\n            var js, fjs = d.getElementsByTagName(s)[0];\n            if (d.getElementById(id)) return;\n            js = d.createElement(s);\n            js.id = id;\n            js.src = \"\/\/connect.facebook.net\/az_AZ\/sdk.js#xfbml=1&version=v2.7&appId=\";\n            fjs.parentNode.insertBefore(js, fjs);\n        }(document, 'script', 'facebook-jssdk'));\n    <\/script><\/p>\n","protected":false},"excerpt":{"rendered":"<p>Misirin Prezidenti Abd\u00fclf\u0259ttah \u018fl-Sisi \u201cR\u0259fah\u201d s\u0259rh\u0259d-burax\u0131l\u0131\u015f m\u0259nt\u0259q\u0259sinin Q\u0259zza zola\u011f\u0131na humanitar y\u00fck da\u015f\u0131yan 20 avtomobil \u00fc\u00e7\u00fcn a\u00e7\u0131lmas\u0131na raz\u0131la\u015f\u0131b. Millinews.az \u201cAl Arabiya\u201dya istinad\u0259n x\u0259b\u0259r verir ki, bunu AB\u015e-nin Prezidenti Cozef Bayden jurnalistl\u0259r\u0259 a\u00e7\u0131qlamas\u0131nda bildirib. Qeyd ed\u0259k ki, Baydenl\u0259 \u018fl-Sisi aras\u0131nda telefon dan\u0131\u015f\u0131\u011f\u0131 olub.<\/p>\n","protected":false},"author":1,"featured_media":3087,"comment_status":"open","ping_status":"closed","sticky":false,"template":"","format":"standard","meta":{"footnotes":""},"categories":[9],"tags":[],"class_list":["post-3086","post","type-post","status-publish","format-standard","has-post-thumbnail","hentry","category-xeber"],"_links":{"self":[{"href":"https:\/\/millitv.net\/index.php?rest_route=\/wp\/v2\/posts\/3086","targetHints":{"allow":["GET"]}}],"collection":[{"href":"https:\/\/millitv.net\/index.php?rest_route=\/wp\/v2\/posts"}],"about":[{"href":"https:\/\/millitv.net\/index.php?rest_route=\/wp\/v2\/types\/post"}],"author":[{"embeddable":true,"href":"https:\/\/millitv.net\/index.php?rest_route=\/wp\/v2\/users\/1"}],"replies":[{"embeddable":true,"href":"https:\/\/millitv.net\/index.php?rest_route=%2Fwp%2Fv2%2Fcomments&post=3086"}],"version-history":[{"count":0,"href":"https:\/\/millitv.net\/index.php?rest_route=\/wp\/v2\/posts\/3086\/revisions"}],"wp:featuredmedia":[{"embeddable":true,"href":"https:\/\/millitv.net\/index.php?rest_route=\/wp\/v2\/media\/3087"}],"wp:attachment":[{"href":"https:\/\/millitv.net\/index.php?rest_route=%2Fwp%2Fv2%2Fmedia&parent=3086"}],"wp:term":[{"taxonomy":"category","embeddable":true,"href":"https:\/\/millitv.net\/index.php?rest_route=%2Fwp%2Fv2%2Fcategories&post=3086"},{"taxonomy":"post_tag","embeddable":true,"href":"https:\/\/millitv.net\/index.php?rest_route=%2Fwp%2Fv2%2Ftags&post=3086"}],"curies":[{"name":"wp","href":"https:\/\/api.w.org\/{rel}","templated":true}]}}