{"id":3084,"date":"2023-10-18T23:34:22","date_gmt":"2023-10-18T23:34:22","guid":{"rendered":"https:\/\/millinews.az\/xeber\/bayden-israild%C9%99-doguldugunu-aciqladi-zaxarova-%C9%99l%C9%99-saldi\/"},"modified":"2023-10-18T23:34:22","modified_gmt":"2023-10-18T23:34:22","slug":"bayden-israild%C9%99-doguldugunu-aciqladi-zaxarova-%C9%99l%C9%99-saldi","status":"publish","type":"post","link":"https:\/\/millitv.net\/?p=3084","title":{"rendered":"Bayden \u0130sraild\u0259 do\u011fuldu\u011funu a\u00e7\u0131qlad\u0131, Zaxarova \u0259l\u0259 sald\u0131"},"content":{"rendered":"<p><img decoding=\"async\" src=\"https:\/\/Millinews.az\/storage\/2023\/03\/29\/bayden.jpg\" alt=\"\" title=\"\"><\/p>\n<div id=\"mvp-content-main\">\n<p><strong>AB\u015e Prezidenti Cozef Bayden \u0130sraild\u0259 maraql\u0131 a\u00e7\u0131qlama il\u0259 g\u00fcnd\u0259m\u0259 g\u0259lib.<\/strong><\/p>\n<p><strong><a target=\"_blank\" href=\"https:\/\/Millinews.az\" rel=\"noopener\">Millinews.az<\/a><\/strong> x\u0259b\u0259r verir ki, o, \u0130sraild\u0259 anadan oldu\u011funu b\u0259yan edib. Onun \u00e7\u0131x\u0131\u015f\u0131ndan m\u00fcvafiq kadrlar sosial \u015f\u0259b\u0259k\u0259l\u0259rd\u0259 yay\u0131l\u0131b.<\/p>\n<p>\u201c\u0130srail d\u00f6vl\u0259ti d\u00fcnya y\u0259hudil\u0259rinin t\u0259hl\u00fck\u0259sizliyi \u00fc\u00e7\u00fcn yaran\u0131b v\u0259 m\u0259n d\u0259 orada do\u011fulmu\u015fam\u201d, \u2013 AB\u015e prezidenti bildirib.<\/p>\n<p>Halbuki, r\u0259smi m\u0259lumatlara g\u00f6r\u0259, C.Bayden Pensilvaniyada anadan olub.<\/p>\n<p>Rusiya Xarici \u0130\u015fl\u0259r Nazirliyinin r\u0259smisi Mariya Zaxarova AB\u015e Prezidenti Co Baydenin bu a\u00e7\u0131qlamas\u0131n\u0131 \u015f\u0259rh ed\u0259rk\u0259n bildirib ki, Bayden \u0130sraild\u0259 do\u011fulsayd\u0131, AB\u015e d\u00f6vl\u0259tinin ba\u015f\u00e7\u0131s\u0131 se\u00e7il\u0259 bilm\u0259zdi.<\/p>\n<p>\u201cBayden indic\u0259 (T\u0259l-\u018fvivd\u0259 s\u0259f\u0259rd\u0259 olark\u0131n \u2013 red.) \u0130sraild\u0259 do\u011fuldu\u011funu s\u00f6yl\u0259di. Bu o dem\u0259kdir ki, o, AB\u015e prezidenti se\u00e7il\u0259 bilm\u0259z. Rusiyan\u0131n Amerika se\u00e7kil\u0259rin\u0259 \u201cm\u00fcdaxil\u0259si\u201d getdikc\u0259 daha da t\u0259kmill\u0259\u015fir\u201d, \u2013 diplomat vur\u011fulay\u0131b.<\/p>\n<p>Zaxarova eyni zamanda bildirib ki, ictimaiyy\u0259t\u0259 a\u00e7\u0131q m\u0259lumatlar var: Bayden 1942-ci il noyabr\u0131n 20-d\u0259 Pensilvaniyada anadan olub, \u0130srail d\u00f6vl\u0259ti is\u0259 1948-ci ild\u0259 yarad\u0131l\u0131b.<\/p>\n<p><iframe loading=\"lazy\" allow=\"autoplay; encrypted-media\" allowfullscreen=\"\" frameborder=\"0\" height=\"360\" scrolling=\"no\" src=\"https:\/\/baku.tv\/embed\/103514\" width=\"640\"><\/iframe><\/p>\n<p>Globalinfo.az<\/p>\n<\/p><\/div>\n<p><script>\n        (function (d, s, id) {\n            var js, fjs = d.getElementsByTagName(s)[0];\n            if (d.getElementById(id)) return;\n            js = d.createElement(s);\n            js.id = id;\n            js.src = \"\/\/connect.facebook.net\/az_AZ\/sdk.js#xfbml=1&version=v2.7&appId=\";\n            fjs.parentNode.insertBefore(js, fjs);\n        }(document, 'script', 'facebook-jssdk'));\n    <\/script><\/p>\n","protected":false},"excerpt":{"rendered":"<p>AB\u015e Prezidenti Cozef Bayden \u0130sraild\u0259 maraql\u0131 a\u00e7\u0131qlama il\u0259 g\u00fcnd\u0259m\u0259 g\u0259lib. Millinews.az x\u0259b\u0259r verir ki, o, \u0130sraild\u0259 anadan oldu\u011funu b\u0259yan edib. Onun \u00e7\u0131x\u0131\u015f\u0131ndan m\u00fcvafiq kadrlar sosial \u015f\u0259b\u0259k\u0259l\u0259rd\u0259 yay\u0131l\u0131b. \u201c\u0130srail d\u00f6vl\u0259ti d\u00fcnya y\u0259hudil\u0259rinin t\u0259hl\u00fck\u0259sizliyi \u00fc\u00e7\u00fcn yaran\u0131b v\u0259 m\u0259n d\u0259 orada do\u011fulmu\u015fam\u201d, \u2013 AB\u015e prezidenti bildirib. Halbuki, r\u0259smi m\u0259lumatlara g\u00f6r\u0259, C.Bayden Pensilvaniyada anadan olub. Rusiya Xarici \u0130\u015fl\u0259r Nazirliyinin &hellip;<\/p>\n","protected":false},"author":1,"featured_media":3085,"comment_status":"open","ping_status":"closed","sticky":false,"template":"","format":"standard","meta":{"footnotes":""},"categories":[9],"tags":[],"class_list":["post-3084","post","type-post","status-publish","format-standard","has-post-thumbnail","hentry","category-xeber"],"_links":{"self":[{"href":"https:\/\/millitv.net\/index.php?rest_route=\/wp\/v2\/posts\/3084","targetHints":{"allow":["GET"]}}],"collection":[{"href":"https:\/\/millitv.net\/index.php?rest_route=\/wp\/v2\/posts"}],"about":[{"href":"https:\/\/millitv.net\/index.php?rest_route=\/wp\/v2\/types\/post"}],"author":[{"embeddable":true,"href":"https:\/\/millitv.net\/index.php?rest_route=\/wp\/v2\/users\/1"}],"replies":[{"embeddable":true,"href":"https:\/\/millitv.net\/index.php?rest_route=%2Fwp%2Fv2%2Fcomments&post=3084"}],"version-history":[{"count":0,"href":"https:\/\/millitv.net\/index.php?rest_route=\/wp\/v2\/posts\/3084\/revisions"}],"wp:featuredmedia":[{"embeddable":true,"href":"https:\/\/millitv.net\/index.php?rest_route=\/wp\/v2\/media\/3085"}],"wp:attachment":[{"href":"https:\/\/millitv.net\/index.php?rest_route=%2Fwp%2Fv2%2Fmedia&parent=3084"}],"wp:term":[{"taxonomy":"category","embeddable":true,"href":"https:\/\/millitv.net\/index.php?rest_route=%2Fwp%2Fv2%2Fcategories&post=3084"},{"taxonomy":"post_tag","embeddable":true,"href":"https:\/\/millitv.net\/index.php?rest_route=%2Fwp%2Fv2%2Ftags&post=3084"}],"curies":[{"name":"wp","href":"https:\/\/api.w.org\/{rel}","templated":true}]}}