{"id":3078,"date":"2023-10-18T22:46:00","date_gmt":"2023-10-18T22:46:00","guid":{"rendered":"https:\/\/millinews.az\/xeber\/y%C9%99hudil%C9%99r-abs-konqresind%C9%99-aksiya-kecirirl%C9%99r\/"},"modified":"2023-10-18T22:46:00","modified_gmt":"2023-10-18T22:46:00","slug":"y%C9%99hudil%C9%99r-abs-konqresind%C9%99-aksiya-kecirirl%C9%99r","status":"publish","type":"post","link":"https:\/\/millitv.net\/?p=3078","title":{"rendered":"Y\u0259hudil\u0259r AB\u015e Konqresind\u0259 aksiya ke\u00e7irirl\u0259r"},"content":{"rendered":"<p><img decoding=\"async\" src=\"https:\/\/Millinews.az\/storage\/2023\/10\/19\/vinddooo.jpg\" alt=\"\" title=\"\"><\/p>\n<div id=\"mvp-content-main\">\n<p><strong>Amerika y\u0259hudil\u0259ri Va\u015finqtonda AB\u015e Konqresind\u0259 oturaraq etiraz aksiyas\u0131 ke\u00e7irirl\u0259r.<\/strong><\/p>\n<p><strong><a target=\"_blank\" href=\"https:\/\/Millinews.az\" rel=\"noopener\">Millinews.az<\/a> <\/strong>xarici K\u0130V-\u0259 istinad\u0259n x\u0259b\u0259r verir ki, onlar \u0130sraill\u0259 H\u018fMAS aras\u0131nda at\u0259\u015fk\u0259s olmas\u0131 \u00fc\u00e7\u00fcn \u00e7a\u011f\u0131r\u0131\u015f edibl\u0259r.<\/p>\n<p>At\u0259\u015fk\u0259s t\u0259l\u0259bl\u0259rini AB\u015e qanunvericil\u0259rin\u0259 \u00e7atd\u0131rmaq \u00fc\u00e7\u00fcn Konqresin binas\u0131nda oturaraq etiraz aksiyas\u0131 ke\u00e7ir\u0259n n\u00fcmayi\u015f\u00e7il\u0259r &#8220;At\u0259\u015fk\u0259s indi&#8221; \u015f\u00fcar\u0131n\u0131 s\u0259sl\u0259ndirib.<\/p>\n<p>N\u00fcmayi\u015f\u00e7il\u0259r Q\u0259zza zola\u011f\u0131nda at\u0259\u015fk\u0259s elan edilm\u0259y\u0259n\u0259 q\u0259d\u0259r Konqresi t\u0259rk etm\u0259y\u0259c\u0259kl\u0259rini bildiribl\u0259r.<\/p>\n<p>Polis n\u00fcmayi\u015f\u00e7il\u0259r\u0259 m\u00fcdaxil\u0259 ed\u0259r\u0259k onlar\u0131 Konqres binas\u0131ndan \u00e7\u0131xarma\u011fa \u00e7al\u0131\u015f\u0131b.<\/p>\n<\/p><\/div>\n<p><script>\n        (function (d, s, id) {\n            var js, fjs = d.getElementsByTagName(s)[0];\n            if (d.getElementById(id)) return;\n            js = d.createElement(s);\n            js.id = id;\n            js.src = \"\/\/connect.facebook.net\/az_AZ\/sdk.js#xfbml=1&version=v2.7&appId=\";\n            fjs.parentNode.insertBefore(js, fjs);\n        }(document, 'script', 'facebook-jssdk'));\n    <\/script><\/p>\n","protected":false},"excerpt":{"rendered":"<p>Amerika y\u0259hudil\u0259ri Va\u015finqtonda AB\u015e Konqresind\u0259 oturaraq etiraz aksiyas\u0131 ke\u00e7irirl\u0259r. Millinews.az xarici K\u0130V-\u0259 istinad\u0259n x\u0259b\u0259r verir ki, onlar \u0130sraill\u0259 H\u018fMAS aras\u0131nda at\u0259\u015fk\u0259s olmas\u0131 \u00fc\u00e7\u00fcn \u00e7a\u011f\u0131r\u0131\u015f edibl\u0259r. At\u0259\u015fk\u0259s t\u0259l\u0259bl\u0259rini AB\u015e qanunvericil\u0259rin\u0259 \u00e7atd\u0131rmaq \u00fc\u00e7\u00fcn Konqresin binas\u0131nda oturaraq etiraz aksiyas\u0131 ke\u00e7ir\u0259n n\u00fcmayi\u015f\u00e7il\u0259r &#8220;At\u0259\u015fk\u0259s indi&#8221; \u015f\u00fcar\u0131n\u0131 s\u0259sl\u0259ndirib. N\u00fcmayi\u015f\u00e7il\u0259r Q\u0259zza zola\u011f\u0131nda at\u0259\u015fk\u0259s elan edilm\u0259y\u0259n\u0259 q\u0259d\u0259r Konqresi t\u0259rk etm\u0259y\u0259c\u0259kl\u0259rini bildiribl\u0259r. Polis n\u00fcmayi\u015f\u00e7il\u0259r\u0259 &hellip;<\/p>\n","protected":false},"author":1,"featured_media":3079,"comment_status":"open","ping_status":"closed","sticky":false,"template":"","format":"standard","meta":{"footnotes":""},"categories":[9],"tags":[],"class_list":["post-3078","post","type-post","status-publish","format-standard","has-post-thumbnail","hentry","category-xeber"],"_links":{"self":[{"href":"https:\/\/millitv.net\/index.php?rest_route=\/wp\/v2\/posts\/3078","targetHints":{"allow":["GET"]}}],"collection":[{"href":"https:\/\/millitv.net\/index.php?rest_route=\/wp\/v2\/posts"}],"about":[{"href":"https:\/\/millitv.net\/index.php?rest_route=\/wp\/v2\/types\/post"}],"author":[{"embeddable":true,"href":"https:\/\/millitv.net\/index.php?rest_route=\/wp\/v2\/users\/1"}],"replies":[{"embeddable":true,"href":"https:\/\/millitv.net\/index.php?rest_route=%2Fwp%2Fv2%2Fcomments&post=3078"}],"version-history":[{"count":0,"href":"https:\/\/millitv.net\/index.php?rest_route=\/wp\/v2\/posts\/3078\/revisions"}],"wp:featuredmedia":[{"embeddable":true,"href":"https:\/\/millitv.net\/index.php?rest_route=\/wp\/v2\/media\/3079"}],"wp:attachment":[{"href":"https:\/\/millitv.net\/index.php?rest_route=%2Fwp%2Fv2%2Fmedia&parent=3078"}],"wp:term":[{"taxonomy":"category","embeddable":true,"href":"https:\/\/millitv.net\/index.php?rest_route=%2Fwp%2Fv2%2Fcategories&post=3078"},{"taxonomy":"post_tag","embeddable":true,"href":"https:\/\/millitv.net\/index.php?rest_route=%2Fwp%2Fv2%2Ftags&post=3078"}],"curies":[{"name":"wp","href":"https:\/\/api.w.org\/{rel}","templated":true}]}}