{"id":3064,"date":"2023-10-18T21:18:50","date_gmt":"2023-10-18T21:18:50","guid":{"rendered":"https:\/\/millinews.az\/xeber\/m%C9%99l%C9%99kxanim-ramali-qizinin-nisanina-bu-s%C9%99b%C9%99bd%C9%99n-cagirmadi\/"},"modified":"2023-10-18T21:18:50","modified_gmt":"2023-10-18T21:18:50","slug":"m%C9%99l%C9%99kxanim-ramali-qizinin-nisanina-bu-s%C9%99b%C9%99bd%C9%99n-cagirmadi","status":"publish","type":"post","link":"https:\/\/millitv.net\/?p=3064","title":{"rendered":"M\u0259l\u0259kxan\u0131m Ramal\u0131 q\u0131z\u0131n\u0131n ni\u015fan\u0131na bu s\u0259b\u0259bd\u0259n \u00e7a\u011f\u0131rmad\u0131"},"content":{"rendered":"<p><img decoding=\"async\" src=\"https:\/\/Millinews.az\/storage\/2023\/10\/19\/267467_b5sjb59oa1.jpg\" alt=\"\" title=\"\"><\/p>\n<div id=\"mvp-content-main\">\n<p><strong>X\u0259b\u0259r verdiyimiz kimi, m\u00fc\u011f\u0259nni Ramal \u0130srafilov bir ne\u00e7\u0259 g\u00fcn \u0259vv\u0259l bibisi, Xalq artisti M\u0259l\u0259kxan\u0131m Eyubovan\u0131n onu q\u0131z\u0131 N\u0259zrinin ni\u015fan m\u0259clisin\u0259 d\u0259v\u0259t etm\u0259diyini bildirmi\u015fdi.<\/strong><\/p>\n<p><strong><a target=\"_blank\" href=\"https:\/\/Millinews.az\" rel=\"noopener\">Millinews.az<\/a><\/strong> x\u0259b\u0259r verir ki, s\u0259n\u0259t\u00e7i &#8220;7 tamam&#8221; verili\u015find\u0259 m\u0259s\u0259l\u0259y\u0259 ayd\u0131nl\u0131q g\u0259tirib. O, ni\u015fan\u0131n ail\u0259 aras\u0131nda ke\u00e7irildiyini qeyd edib:<\/p>\n<p>&#8220;Ramal ail\u0259mizin g\u00f6z\u00fc, ba\u015f\u0131m\u0131z\u0131 tac\u0131d\u0131r. \u00d6vladlar\u0131m H\u00f6k\u00fcm\u0259nin v\u0259 C\u0259f\u0259rin d\u0259 toylar\u0131n\u0131 Ramal apar\u0131b. Onsuz bizim he\u00e7 bir i\u015fimiz olmay\u0131b. Ni\u015fanda ancaq N\u0259zrinin r\u0259fiq\u0259l\u0259ri, o\u011flan v\u0259 q\u0131z evi oldu. \u0130st\u0259dik ki, he\u00e7 kim bilm\u0259sin. Ramal\u0131n \u015f\u0259nb\u0259 g\u00fcn\u00fc toyu var idi. Amma N\u0259zrinin toyunda Ramal orada olacaq&#8221;.<\/p>\n<p>Qeyd ed\u0259k ki, N\u0259zrin m\u00fc\u011f\u0259nni M\u0259rdan Kaz\u0131movla ni\u015fanlan\u0131b.<\/p>\n<\/p><\/div>\n<p><script>\n        (function (d, s, id) {\n            var js, fjs = d.getElementsByTagName(s)[0];\n            if (d.getElementById(id)) return;\n            js = d.createElement(s);\n            js.id = id;\n            js.src = \"\/\/connect.facebook.net\/az_AZ\/sdk.js#xfbml=1&version=v2.7&appId=\";\n            fjs.parentNode.insertBefore(js, fjs);\n        }(document, 'script', 'facebook-jssdk'));\n    <\/script><\/p>\n","protected":false},"excerpt":{"rendered":"<p>X\u0259b\u0259r verdiyimiz kimi, m\u00fc\u011f\u0259nni Ramal \u0130srafilov bir ne\u00e7\u0259 g\u00fcn \u0259vv\u0259l bibisi, Xalq artisti M\u0259l\u0259kxan\u0131m Eyubovan\u0131n onu q\u0131z\u0131 N\u0259zrinin ni\u015fan m\u0259clisin\u0259 d\u0259v\u0259t etm\u0259diyini bildirmi\u015fdi. Millinews.az x\u0259b\u0259r verir ki, s\u0259n\u0259t\u00e7i &#8220;7 tamam&#8221; verili\u015find\u0259 m\u0259s\u0259l\u0259y\u0259 ayd\u0131nl\u0131q g\u0259tirib. O, ni\u015fan\u0131n ail\u0259 aras\u0131nda ke\u00e7irildiyini qeyd edib: &#8220;Ramal ail\u0259mizin g\u00f6z\u00fc, ba\u015f\u0131m\u0131z\u0131 tac\u0131d\u0131r. \u00d6vladlar\u0131m H\u00f6k\u00fcm\u0259nin v\u0259 C\u0259f\u0259rin d\u0259 toylar\u0131n\u0131 Ramal apar\u0131b. Onsuz &hellip;<\/p>\n","protected":false},"author":1,"featured_media":3065,"comment_status":"open","ping_status":"closed","sticky":false,"template":"","format":"standard","meta":{"footnotes":""},"categories":[9],"tags":[],"class_list":["post-3064","post","type-post","status-publish","format-standard","has-post-thumbnail","hentry","category-xeber"],"_links":{"self":[{"href":"https:\/\/millitv.net\/index.php?rest_route=\/wp\/v2\/posts\/3064","targetHints":{"allow":["GET"]}}],"collection":[{"href":"https:\/\/millitv.net\/index.php?rest_route=\/wp\/v2\/posts"}],"about":[{"href":"https:\/\/millitv.net\/index.php?rest_route=\/wp\/v2\/types\/post"}],"author":[{"embeddable":true,"href":"https:\/\/millitv.net\/index.php?rest_route=\/wp\/v2\/users\/1"}],"replies":[{"embeddable":true,"href":"https:\/\/millitv.net\/index.php?rest_route=%2Fwp%2Fv2%2Fcomments&post=3064"}],"version-history":[{"count":0,"href":"https:\/\/millitv.net\/index.php?rest_route=\/wp\/v2\/posts\/3064\/revisions"}],"wp:featuredmedia":[{"embeddable":true,"href":"https:\/\/millitv.net\/index.php?rest_route=\/wp\/v2\/media\/3065"}],"wp:attachment":[{"href":"https:\/\/millitv.net\/index.php?rest_route=%2Fwp%2Fv2%2Fmedia&parent=3064"}],"wp:term":[{"taxonomy":"category","embeddable":true,"href":"https:\/\/millitv.net\/index.php?rest_route=%2Fwp%2Fv2%2Fcategories&post=3064"},{"taxonomy":"post_tag","embeddable":true,"href":"https:\/\/millitv.net\/index.php?rest_route=%2Fwp%2Fv2%2Ftags&post=3064"}],"curies":[{"name":"wp","href":"https:\/\/api.w.org\/{rel}","templated":true}]}}