{"id":3054,"date":"2023-10-18T20:38:00","date_gmt":"2023-10-18T20:38:00","guid":{"rendered":"https:\/\/millinews.az\/xeber\/netanyahu-h%C9%99rbi-siyasi-kabinetin-iclasini-kecirir\/"},"modified":"2023-10-18T20:38:00","modified_gmt":"2023-10-18T20:38:00","slug":"netanyahu-h%C9%99rbi-siyasi-kabinetin-iclasini-kecirir","status":"publish","type":"post","link":"https:\/\/millitv.net\/?p=3054","title":{"rendered":"Netanyahu h\u0259rbi-siyasi kabinetin iclas\u0131n\u0131 ke\u00e7irir"},"content":{"rendered":"<p><img decoding=\"async\" src=\"https:\/\/Millinews.az\/storage\/2019\/11\/22\/israil_kayniyor_netanyahu_sessizligini_bozdu_bu_darbe_girisimidir_1574394226_195.jpg\" alt=\"\" title=\"\"><\/p>\n<div id=\"mvp-content-main\">\n<p><strong>\u0130srailin Ba\u015f naziri Binyamin Netanyahu AB\u015e Prezidenti Cozef Baydenin y\u0259hudi d\u00f6vl\u0259tin\u0259 bir g\u00fcnl\u00fck s\u0259f\u0259rind\u0259n sonra T\u0259l-\u018fvivd\u0259ki M\u00fcdafi\u0259 Nazirliyi kompleksind\u0259 h\u0259rbi-siyasi kabinetin m\u0259hdud t\u0259rkibli operativ iclas\u0131n\u0131 ke\u00e7irir.<\/strong><\/p>\n<p><strong><a target=\"_blank\" href=\"https:\/\/Millinews.az\" rel=\"noopener\">Millinews.az<\/a> <\/strong>x\u0259b\u0259r verir ki, bu bar\u0259d\u0259 Ba\u015f nazirin m\u0259tbuat xidm\u0259ti m\u0259lumat yay\u0131b.<\/p>\n<p>\u201cBa\u015f nazir Binyamin Netanyahu T\u0259l-\u018fvivd\u0259ki \u201cKiriya\u201d kompleksind\u0259 (M\u00fcdafi\u0259 Nazirliyi kompleksi \u2013 red.) m\u0259hdud h\u0259rbi-siyasi kabinetin \u00fczvl\u0259ri il\u0259 operativ iclas ke\u00e7irir\u201d, &#8211; m\u0259lumatda bildirilib.<\/p>\n<p>Xat\u0131rladaq ki, Bayden oktyabr\u0131n 18-d\u0259 \u0130srail\u0259 bir g\u00fcnl\u00fck s\u0259f\u0259r edib.<\/p>\n<\/p><\/div>\n<p><script>\n        (function (d, s, id) {\n            var js, fjs = d.getElementsByTagName(s)[0];\n            if (d.getElementById(id)) return;\n            js = d.createElement(s);\n            js.id = id;\n            js.src = \"\/\/connect.facebook.net\/az_AZ\/sdk.js#xfbml=1&version=v2.7&appId=\";\n            fjs.parentNode.insertBefore(js, fjs);\n        }(document, 'script', 'facebook-jssdk'));\n    <\/script><\/p>\n","protected":false},"excerpt":{"rendered":"<p>\u0130srailin Ba\u015f naziri Binyamin Netanyahu AB\u015e Prezidenti Cozef Baydenin y\u0259hudi d\u00f6vl\u0259tin\u0259 bir g\u00fcnl\u00fck s\u0259f\u0259rind\u0259n sonra T\u0259l-\u018fvivd\u0259ki M\u00fcdafi\u0259 Nazirliyi kompleksind\u0259 h\u0259rbi-siyasi kabinetin m\u0259hdud t\u0259rkibli operativ iclas\u0131n\u0131 ke\u00e7irir. Millinews.az x\u0259b\u0259r verir ki, bu bar\u0259d\u0259 Ba\u015f nazirin m\u0259tbuat xidm\u0259ti m\u0259lumat yay\u0131b. \u201cBa\u015f nazir Binyamin Netanyahu T\u0259l-\u018fvivd\u0259ki \u201cKiriya\u201d kompleksind\u0259 (M\u00fcdafi\u0259 Nazirliyi kompleksi \u2013 red.) m\u0259hdud h\u0259rbi-siyasi kabinetin \u00fczvl\u0259ri il\u0259 &hellip;<\/p>\n","protected":false},"author":1,"featured_media":3055,"comment_status":"open","ping_status":"closed","sticky":false,"template":"","format":"standard","meta":{"footnotes":""},"categories":[9],"tags":[],"class_list":["post-3054","post","type-post","status-publish","format-standard","has-post-thumbnail","hentry","category-xeber"],"_links":{"self":[{"href":"https:\/\/millitv.net\/index.php?rest_route=\/wp\/v2\/posts\/3054","targetHints":{"allow":["GET"]}}],"collection":[{"href":"https:\/\/millitv.net\/index.php?rest_route=\/wp\/v2\/posts"}],"about":[{"href":"https:\/\/millitv.net\/index.php?rest_route=\/wp\/v2\/types\/post"}],"author":[{"embeddable":true,"href":"https:\/\/millitv.net\/index.php?rest_route=\/wp\/v2\/users\/1"}],"replies":[{"embeddable":true,"href":"https:\/\/millitv.net\/index.php?rest_route=%2Fwp%2Fv2%2Fcomments&post=3054"}],"version-history":[{"count":0,"href":"https:\/\/millitv.net\/index.php?rest_route=\/wp\/v2\/posts\/3054\/revisions"}],"wp:featuredmedia":[{"embeddable":true,"href":"https:\/\/millitv.net\/index.php?rest_route=\/wp\/v2\/media\/3055"}],"wp:attachment":[{"href":"https:\/\/millitv.net\/index.php?rest_route=%2Fwp%2Fv2%2Fmedia&parent=3054"}],"wp:term":[{"taxonomy":"category","embeddable":true,"href":"https:\/\/millitv.net\/index.php?rest_route=%2Fwp%2Fv2%2Fcategories&post=3054"},{"taxonomy":"post_tag","embeddable":true,"href":"https:\/\/millitv.net\/index.php?rest_route=%2Fwp%2Fv2%2Ftags&post=3054"}],"curies":[{"name":"wp","href":"https:\/\/api.w.org\/{rel}","templated":true}]}}