{"id":3048,"date":"2023-10-18T20:02:08","date_gmt":"2023-10-18T20:02:08","guid":{"rendered":"https:\/\/millinews.az\/xeber\/benzema-naziri-m%C9%99hk%C9%99m%C9%99y%C9%99-ver%C9%99c%C9%99k\/"},"modified":"2023-10-18T20:02:08","modified_gmt":"2023-10-18T20:02:08","slug":"benzema-naziri-m%C9%99hk%C9%99m%C9%99y%C9%99-ver%C9%99c%C9%99k","status":"publish","type":"post","link":"https:\/\/millitv.net\/?p=3048","title":{"rendered":"Benzema naziri m\u0259hk\u0259m\u0259y\u0259 ver\u0259c\u0259k"},"content":{"rendered":"<p><img decoding=\"async\" src=\"https:\/\/Millinews.az\/storage\/2023\/10\/18\/f118afd4-9cab-36e1-92ad-ea7fd81a3c03_850.jpg\" alt=\"\" title=\"\"><\/p>\n<div id=\"mvp-content-main\">\n<p><strong>S\u0259udiyy\u0259 \u018fr\u0259bistan\u0131n\u0131n \u201c\u018fl-\u0130ttihad\u201d klubunun futbol\u00e7usu K\u0259rim Benzema Fransan\u0131n daxili i\u015fl\u0259r naziri Jerald Darmaneni idman\u00e7\u0131n\u0131 \u201cM\u00fcs\u0259lman qarda\u015flar\u0131\u201d t\u0259\u015fkilat\u0131 il\u0259 \u0259laq\u0259d\u0259 ittiham etdiyin\u0259 g\u00f6r\u0259 m\u0259hk\u0259m\u0259y\u0259 ver\u0259 bil\u0259r.<\/strong><\/p>\n<p><strong><a target=\"_blank\" href=\"https:\/\/Millinews.az\" rel=\"noopener\">Millinews.az<\/a><\/strong> x\u0259b\u0259r verir ki, bu bar\u0259d\u0259 \u201cLe Parisien\u201d q\u0259zeti yaz\u0131b.<\/p>\n<p>\u201cBu yaland\u0131r, K\u0259rim Benzeman\u0131n he\u00e7 vaxt bu t\u0259\u015fkilatla z\u0259rr\u0259 q\u0259d\u0259r d\u0259 \u0259laq\u0259si olmay\u0131b. Biz, m\u0259s\u0259l\u0259n, h\u00f6kum\u0259timiz \u00fc\u00e7\u00fcn \u00e7ox d\u0259y\u0259rli olan informasiyan\u0131n manipulyasiyas\u0131 haqq\u0131nda qanunu v\u0259 v\u0259 b\u00f6htan v\u0259 ya h\u0259tta ictimai t\u0259hqir qanunu r\u0259hb\u0259r tutaraq, bu naziri m\u0259hk\u0259m\u0259y\u0259 verm\u0259k imkan\u0131n\u0131 n\u0259z\u0259rd\u0259n ke\u00e7iririk, \u00e7\u00fcnki onun b\u0259hs etdiyi \u201cM\u00fcs\u0259lman qarda\u015flar\u0131\u201d il\u0259 m\u00f6vcud olmayan bu \u0259laq\u0259 m\u0259nim m\u00fcv\u0259kkilimi a\u00e7\u0131q-a\u015fkar n\u00fcfuzdan sal\u0131r. \u00d6lk\u0259ni idar\u0259 ed\u0259nl\u0259rin m\u0259qs\u0259d\u0259uy\u011funluq namin\u0259 h\u0259r \u015feyi etm\u0259y\u0259 icaz\u0259 verilm\u0259sinin hesab etm\u0259si q\u0259buledilm\u0259zdir\u201d, &#8211; fransal\u0131 h\u00fccum\u00e7unun v\u0259kili Hyuq Vijye diqq\u0259t\u0259 \u00e7atd\u0131r\u0131b.<\/p>\n<p>Xat\u0131rladaq ki, \u00f6t\u0259n g\u00fcn Fransan\u0131n daxili i\u015fl\u0259r naziri Jerald Darmanen \u201cCNEWS\u201d telekanal\u0131na m\u00fcsahib\u0259sind\u0259 Benzeman\u0131n Q\u0259zza zola\u011f\u0131n\u0131n sakinl\u0259rin\u0259 d\u0259st\u0259k postuna reaksiya ver\u0259r\u0259k, idman\u00e7\u0131n\u0131n, \u201cham\u0131n\u0131n bildiyi kimi, M\u00fcs\u0259lman Qarda\u015flar\u0131 il\u0259 \u0259laq\u0259l\u0259ri oldu\u011funu\u201d s\u00f6yl\u0259yib.<\/p>\n<\/p><\/div>\n<p><script>\n        (function (d, s, id) {\n            var js, fjs = d.getElementsByTagName(s)[0];\n            if (d.getElementById(id)) return;\n            js = d.createElement(s);\n            js.id = id;\n            js.src = \"\/\/connect.facebook.net\/az_AZ\/sdk.js#xfbml=1&version=v2.7&appId=\";\n            fjs.parentNode.insertBefore(js, fjs);\n        }(document, 'script', 'facebook-jssdk'));\n    <\/script><\/p>\n","protected":false},"excerpt":{"rendered":"<p>S\u0259udiyy\u0259 \u018fr\u0259bistan\u0131n\u0131n \u201c\u018fl-\u0130ttihad\u201d klubunun futbol\u00e7usu K\u0259rim Benzema Fransan\u0131n daxili i\u015fl\u0259r naziri Jerald Darmaneni idman\u00e7\u0131n\u0131 \u201cM\u00fcs\u0259lman qarda\u015flar\u0131\u201d t\u0259\u015fkilat\u0131 il\u0259 \u0259laq\u0259d\u0259 ittiham etdiyin\u0259 g\u00f6r\u0259 m\u0259hk\u0259m\u0259y\u0259 ver\u0259 bil\u0259r. Millinews.az x\u0259b\u0259r verir ki, bu bar\u0259d\u0259 \u201cLe Parisien\u201d q\u0259zeti yaz\u0131b. \u201cBu yaland\u0131r, K\u0259rim Benzeman\u0131n he\u00e7 vaxt bu t\u0259\u015fkilatla z\u0259rr\u0259 q\u0259d\u0259r d\u0259 \u0259laq\u0259si olmay\u0131b. Biz, m\u0259s\u0259l\u0259n, h\u00f6kum\u0259timiz \u00fc\u00e7\u00fcn \u00e7ox d\u0259y\u0259rli olan &hellip;<\/p>\n","protected":false},"author":1,"featured_media":3049,"comment_status":"open","ping_status":"closed","sticky":false,"template":"","format":"standard","meta":{"footnotes":""},"categories":[9],"tags":[],"class_list":["post-3048","post","type-post","status-publish","format-standard","has-post-thumbnail","hentry","category-xeber"],"_links":{"self":[{"href":"https:\/\/millitv.net\/index.php?rest_route=\/wp\/v2\/posts\/3048","targetHints":{"allow":["GET"]}}],"collection":[{"href":"https:\/\/millitv.net\/index.php?rest_route=\/wp\/v2\/posts"}],"about":[{"href":"https:\/\/millitv.net\/index.php?rest_route=\/wp\/v2\/types\/post"}],"author":[{"embeddable":true,"href":"https:\/\/millitv.net\/index.php?rest_route=\/wp\/v2\/users\/1"}],"replies":[{"embeddable":true,"href":"https:\/\/millitv.net\/index.php?rest_route=%2Fwp%2Fv2%2Fcomments&post=3048"}],"version-history":[{"count":0,"href":"https:\/\/millitv.net\/index.php?rest_route=\/wp\/v2\/posts\/3048\/revisions"}],"wp:featuredmedia":[{"embeddable":true,"href":"https:\/\/millitv.net\/index.php?rest_route=\/wp\/v2\/media\/3049"}],"wp:attachment":[{"href":"https:\/\/millitv.net\/index.php?rest_route=%2Fwp%2Fv2%2Fmedia&parent=3048"}],"wp:term":[{"taxonomy":"category","embeddable":true,"href":"https:\/\/millitv.net\/index.php?rest_route=%2Fwp%2Fv2%2Fcategories&post=3048"},{"taxonomy":"post_tag","embeddable":true,"href":"https:\/\/millitv.net\/index.php?rest_route=%2Fwp%2Fv2%2Ftags&post=3048"}],"curies":[{"name":"wp","href":"https:\/\/api.w.org\/{rel}","templated":true}]}}