{"id":3044,"date":"2023-10-18T19:25:00","date_gmt":"2023-10-18T19:25:00","guid":{"rendered":"https:\/\/millinews.az\/xeber\/israil-bmt-d%C9%99n-uzr-ist%C9%99m%C9%99sini-t%C9%99l%C9%99b-etdi\/"},"modified":"2023-10-18T19:25:00","modified_gmt":"2023-10-18T19:25:00","slug":"israil-bmt-d%C9%99n-uzr-ist%C9%99m%C9%99sini-t%C9%99l%C9%99b-etdi","status":"publish","type":"post","link":"https:\/\/millitv.net\/?p=3044","title":{"rendered":"\u0130srail BMT-d\u0259n \u00fczr ist\u0259m\u0259sini t\u0259l\u0259b etdi"},"content":{"rendered":"<p><img decoding=\"async\" src=\"https:\/\/Millinews.az\/storage\/2023\/10\/18\/76da7586-9168-30f1-88fe-d5517cfd90e8_850.jpg\" alt=\"\" title=\"\"><\/p>\n<div id=\"mvp-content-main\">\n<p><strong>\u0130srail H\u018fMAS-\u0131n \u201cd\u00f6y\u00fc\u015f ma\u015f\u0131n\u0131\u201d \u00e7evrilm\u0259sin\u0259 imkan ver\u0259n BMT v\u0259 T\u0259hl\u00fck\u0259sizlik \u015euras\u0131n\u0131n b\u0259zi \u00fczvl\u0259rind\u0259n \u00fczr ist\u0259m\u0259sini t\u0259l\u0259b edib.<\/strong><\/p>\n<p><strong><a target=\"_blank\" href=\"https:\/\/Millinews.az\" rel=\"noopener\">Millinews.az<\/a><\/strong> x\u0259b\u0259r verir ki, bu bar\u0259d\u0259 \u0130srailin BMT-d\u0259ki daimi n\u00fcmay\u0259nd\u0259si Gilard Erdan <a href=\"https:\/\/media.un.org\/ru\/webtv\" target=\"_blank\" rel=\"noopener\">\u00e7\u0131x\u0131\u015f ed\u0259rk\u0259n<\/a> deyib.<\/p>\n<p>\u201c\u00c7oxunuz siyasi s\u0259b\u0259bl\u0259rd\u0259n dolay\u0131 H\u018fMAS-\u0131 terror t\u0259\u015fkilat\u0131 kimi tan\u0131maq ist\u0259mirsiniz. Bu, faktlar\u0131 d\u0259yi\u015fmir: H\u018fMAS imkan olduqca \u015f\u00fcurlu \u015f\u0259kild\u0259 m\u00fclki \u0259haliy\u0259 h\u00fccum edir, u\u015faqlar\u0131 \u00f6ld\u00fcr\u00fcr. Bu s\u0259b\u0259bd\u0259n H\u018fMAS \u0130\u015e\u0130D-d\u0259n f\u0259rql\u0259nm\u0259y\u0259n terror t\u0259\u015fkilat\u0131d\u0131r. H\u018fMAS dialoqa inanm\u0131r, dialoq ist\u0259mir, siyasi h\u0259lld\u0259 maraql\u0131 deyil; H\u018fMAS yaln\u0131z y\u0259hudil\u0259rin yox edilm\u0259si v\u0259 y\u0259hudi d\u00f6vl\u0259tinin m\u0259hv edilm\u0259sin\u0259 inan\u0131r. He\u00e7 n\u0259 bel\u0259 soyq\u0131r\u0131m\u0131 ideologiyas\u0131n\u0131 d\u0259yi\u015f\u0259 bilm\u0259z. H\u018fMAS he\u00e7 beyn\u0259lxalq h\u00fcququn varl\u0131\u011f\u0131n\u0131 tan\u0131m\u0131r. \u018fg\u0259r \u201ciki d\u00f6vl\u0259t\u201d \u00e7\u00f6z\u00fcm\u00fc v\u0259 beyn\u0259lxalq h\u00fcquq haqq\u0131nda dan\u0131\u015f\u0131rs\u0131n\u0131zsa, x\u0259r\u00e7\u0259ngin m\u00fcalic\u0259sinin yaln\u0131z bir h\u0259lli var \u2013 bu h\u0259r x\u0259r\u00e7\u0259ng h\u00fcceyr\u0259sinin m\u0259hv edilm\u0259sidir: \u0130\u015e\u0130D v\u0259 \u201c\u018fl-Qaid\u0259\u201d il\u0259 edildiyi kimi \u2013 tam z\u0259r\u0259rsizl\u0259\u015fdirilm\u0259\u201d, &#8211; o qeyd edib.<\/p>\n<p>Eyni zamanda, s\u0259fir H\u018fMAS-\u0131n oktyabr\u0131n 7-d\u0259 t\u00f6r\u0259tdiyi h\u00fccumun soyq\u0131r\u0131m\u0131 c\u0259hdi oldu\u011funu vur\u011fulayaraq, BMT T\u015e-nin diqq\u0259t ay\u0131rmad\u0131\u011f\u0131n\u0131 bildirib:<\/p>\n<p>\u201cH\u018fMAS y\u0259hudil\u0259r\u0259 qar\u015f\u0131 daha bir soyq\u0131r\u0131m\u0131 t\u00f6r\u0259tm\u0259k ist\u0259yib, T\u0259hl\u00fck\u0259sizlik \u015euras\u0131 bu al\u00e7aq h\u00fccuma he\u00e7 k\u00f6kl\u0259nm\u0259di bel\u0259. Bu g\u00fcn\u0259d\u0259k he\u00e7 \u0259n sad\u0259 \u015feyi \u2013 T\u0259hl\u00fck\u0259sizlik \u015euras\u0131 olaraq, H\u018fMAS-\u0131n terror h\u00fccumunu q\u0131namay\u0131bs\u0131n\u0131z &lt;&lt;\u2026&gt;&gt; T\u0259hl\u00fck\u0259sizlik \u015euras\u0131 sad\u0259c\u0259 humanitar yard\u0131m v\u0259 humanitar d\u0259hlizl\u0259rd\u0259n dan\u0131\u015f\u0131r. Bu, t\u0259bii ki, xo\u015fniyy\u0259tli v\u0259 vacib m\u0259qs\u0259dl\u0259rdir, lakin H\u018fMAS-\u0131n n\u00f6vb\u0259ti k\u00fctl\u0259vi q\u0131r\u011f\u0131n\u0131n\u0131 qabaqlanmas\u0131 \u00fc\u00e7\u00fcn h\u0259ll deyil\u201d.<\/p>\n<p>Diplomat H\u018fMAS-\u0131n \u00f6z xalq\u0131n\u0131n arxas\u0131nda gizl\u0259n\u0259r\u0259k \u0130srail \u015f\u0259h\u0259rl\u0259rini at\u0259\u015f\u0259 tutdu\u011funu xat\u0131rlad\u0131b v\u0259 BMT-nin bunu pisl\u0259m\u0259diyini qeyd edib:<\/p>\n<p>\u201cH\u018fMAS se\u00e7kil\u0259rd\u0259 Q\u0259zza xalq\u0131 t\u0259r\u0259find\u0259n se\u00e7ilib &lt;&lt;&#8230;&gt;&gt; Sonra H\u018fMAS Q\u0259zza zola\u011f\u0131n\u0131n h\u0259r qar\u0131\u015f\u0131n\u0131 d\u00f6y\u00fc\u015f ma\u015f\u0131na \u00e7evirib. T\u0259hl\u00fck\u0259sizlik \u015euras\u0131 harada idi? H\u018fMAS beyn\u0259lxalq yard\u0131m\u0131 insanlar\u0131n s\u0131x m\u0259skunla\u015fd\u0131\u011f\u0131 m\u0259h\u0259ll\u0259l\u0259rd\u0259 tunel tikm\u0259y\u0259 istifad\u0259 edir. T\u0259hl\u00fck\u0259sizlik \u015euras\u0131 harada idi? Susurdu. H\u018fMAS \u00f6z m\u00fclki \u0259halisinin arxas\u0131nda gizl\u0259n\u0259r\u0259k \u0130srail \u015f\u0259h\u0259rl\u0259rin\u0259 minl\u0259rl\u0259 raketl\u0259r at\u0131rd\u0131. T\u0259hl\u00fck\u0259sizlik \u015euras\u0131 harada idi? &lt;&lt; &#8230; &gt;&gt; H\u018fMAS-\u0131n m\u0259qs\u0259di Q\u0259zzada m\u00fclki itkil\u0259rin say\u0131n\u0131 art\u0131rmaqd\u0131r: bu, ssenarinin par\u00e7as\u0131d\u0131r. Onlar \u0130sraili sava\u015f meydan\u0131nda yen\u0259 bilm\u0259y\u0259c\u0259kl\u0259rini yax\u015f\u0131 bilirl\u0259r &lt;&lt;&#8230;&gt;&gt; T\u0259hl\u00fck\u0259sizlik \u015euras\u0131 H\u018fMAS-\u0131n terror h\u00fcc\u00fcmlar\u0131n\u0131 pisl\u0259m\u0259k yerin\u0259 humanitar d\u0259hlizl\u0259ri m\u00fczakir\u0259 edir. Ba\u015fa d\u00fc\u015fm\u00fcrs\u00fcn\u00fcz ki, sakitlik, at\u0259\u015fk\u0259s\u0259 \u00e7a\u011f\u0131r\u0131\u015flar nec\u0259 g\u00fclm\u0259lidir? Bu, sad\u0259c\u0259 g\u00fcll\u0259 yaras\u0131na leykoplast\u0131r vurmaqd\u0131r. Humanitar yard\u0131mlar g\u0259l\u0259c\u0259k caniliy\u0259 \u0259ng\u0259l olmayacaq, yegan\u0259 variant bu \u015feytani qurulu\u015fun z\u0259r\u0259rsizl\u0259\u015fdirilm\u0259sidir\u201d.<\/p>\n<p>Yekunda Gilard Erdan BMT v\u0259 T\u0259hl\u00fck\u0259sizlik \u015euras\u0131n\u0131n \u201cb\u0259zi\u201d \u00fczvl\u0259rind\u0259n \u00fczr t\u0259l\u0259b edib:<\/p>\n<p>\u201cBiz \u00fczr t\u0259l\u0259b edirik. BMT v\u0259 bu \u015euradak\u0131lar\u0131n b\u0259zil\u0259ri \u0130\u015e\u0130D kimi terror\u00e7ular\u0131n yalanlar\u0131n\u0131 d\u0259rhal q\u0259bul edib v\u0259 qanunun aliliyini tan\u0131yan demokratiyan\u0131n a\u00e7\u0131q d\u0259lill\u0259rini tan\u0131maqdan imtina edibl\u0259r. Siz \u00fczr ist\u0259m\u0259li, H\u018fMAS \u0130srail x\u0259st\u0259xanalar\u0131na raketl\u0259r atd\u0131\u011f\u0131 zaman \u015euran\u0131 he\u00e7 vaxt \u00e7a\u011f\u0131rmad\u0131\u011f\u0131n\u0131z \u00fc\u00e7\u00fcn \u00fczr ist\u0259m\u0259lisiniz. &lt;&lt;\u2026&gt;&gt; H\u018fMAS Q\u0259zzada n\u0259zar\u0259tsiz d\u00f6y\u00fc\u015f ma\u015f\u0131n\u0131 qurark\u0259n, ill\u0259rdir ba\u015f\u0131n\u0131z\u0131 quma soxdu\u011funuz \u00fc\u00e7\u00fcn \u00fczr ist\u0259yin\u201d.<\/p>\n<\/p><\/div>\n<p><script>\n        (function (d, s, id) {\n            var js, fjs = d.getElementsByTagName(s)[0];\n            if (d.getElementById(id)) return;\n            js = d.createElement(s);\n            js.id = id;\n            js.src = \"\/\/connect.facebook.net\/az_AZ\/sdk.js#xfbml=1&version=v2.7&appId=\";\n            fjs.parentNode.insertBefore(js, fjs);\n        }(document, 'script', 'facebook-jssdk'));\n    <\/script><\/p>\n","protected":false},"excerpt":{"rendered":"<p>\u0130srail H\u018fMAS-\u0131n \u201cd\u00f6y\u00fc\u015f ma\u015f\u0131n\u0131\u201d \u00e7evrilm\u0259sin\u0259 imkan ver\u0259n BMT v\u0259 T\u0259hl\u00fck\u0259sizlik \u015euras\u0131n\u0131n b\u0259zi \u00fczvl\u0259rind\u0259n \u00fczr ist\u0259m\u0259sini t\u0259l\u0259b edib. Millinews.az x\u0259b\u0259r verir ki, bu bar\u0259d\u0259 \u0130srailin BMT-d\u0259ki daimi n\u00fcmay\u0259nd\u0259si Gilard Erdan \u00e7\u0131x\u0131\u015f ed\u0259rk\u0259n deyib. \u201c\u00c7oxunuz siyasi s\u0259b\u0259bl\u0259rd\u0259n dolay\u0131 H\u018fMAS-\u0131 terror t\u0259\u015fkilat\u0131 kimi tan\u0131maq ist\u0259mirsiniz. Bu, faktlar\u0131 d\u0259yi\u015fmir: H\u018fMAS imkan olduqca \u015f\u00fcurlu \u015f\u0259kild\u0259 m\u00fclki \u0259haliy\u0259 h\u00fccum edir, u\u015faqlar\u0131 &hellip;<\/p>\n","protected":false},"author":1,"featured_media":3045,"comment_status":"open","ping_status":"closed","sticky":false,"template":"","format":"standard","meta":{"footnotes":""},"categories":[9],"tags":[],"class_list":["post-3044","post","type-post","status-publish","format-standard","has-post-thumbnail","hentry","category-xeber"],"_links":{"self":[{"href":"https:\/\/millitv.net\/index.php?rest_route=\/wp\/v2\/posts\/3044","targetHints":{"allow":["GET"]}}],"collection":[{"href":"https:\/\/millitv.net\/index.php?rest_route=\/wp\/v2\/posts"}],"about":[{"href":"https:\/\/millitv.net\/index.php?rest_route=\/wp\/v2\/types\/post"}],"author":[{"embeddable":true,"href":"https:\/\/millitv.net\/index.php?rest_route=\/wp\/v2\/users\/1"}],"replies":[{"embeddable":true,"href":"https:\/\/millitv.net\/index.php?rest_route=%2Fwp%2Fv2%2Fcomments&post=3044"}],"version-history":[{"count":0,"href":"https:\/\/millitv.net\/index.php?rest_route=\/wp\/v2\/posts\/3044\/revisions"}],"wp:featuredmedia":[{"embeddable":true,"href":"https:\/\/millitv.net\/index.php?rest_route=\/wp\/v2\/media\/3045"}],"wp:attachment":[{"href":"https:\/\/millitv.net\/index.php?rest_route=%2Fwp%2Fv2%2Fmedia&parent=3044"}],"wp:term":[{"taxonomy":"category","embeddable":true,"href":"https:\/\/millitv.net\/index.php?rest_route=%2Fwp%2Fv2%2Fcategories&post=3044"},{"taxonomy":"post_tag","embeddable":true,"href":"https:\/\/millitv.net\/index.php?rest_route=%2Fwp%2Fv2%2Ftags&post=3044"}],"curies":[{"name":"wp","href":"https:\/\/api.w.org\/{rel}","templated":true}]}}