{"id":3033,"date":"2023-10-18T18:47:24","date_gmt":"2023-10-18T18:47:24","guid":{"rendered":"https:\/\/millinews.az\/xeber\/ersin-tatardan-az%C9%99rbaycana-tebrik\/"},"modified":"2023-10-18T18:47:24","modified_gmt":"2023-10-18T18:47:24","slug":"ersin-tatardan-az%C9%99rbaycana-tebrik","status":"publish","type":"post","link":"https:\/\/millitv.net\/?p=3033","title":{"rendered":"Ersin Tatardan Az\u0259rbaycana T\u018fBR\u0130K"},"content":{"rendered":"<p><img decoding=\"async\" src=\"https:\/\/Millinews.az\/storage\/2023\/10\/18\/1697652571_ersin-tatar-aa-1491545.jpg\" alt=\"\" title=\"\"><\/p>\n<div id=\"mvp-content-main\">\n<p><strong>\u015eimali Kipr T\u00fcrk C\u00fcmhuriyy\u0259tinin Prezidenti Ersin Tatar Az\u0259rbaycan\u0131n M\u00fcst\u0259qilliyinin B\u0259rpas\u0131 G\u00fcn\u00fc m\u00fcnasib\u0259til\u0259 t\u0259brik edib.<\/strong><\/p>\n<p><strong><a target=\"_blank\" href=\"https:\/\/Millinews.az\" rel=\"noopener\">Millinews.az<\/a> <\/strong>x\u0259b\u0259r verir ki, bu bar\u0259d\u0259 Prezident X sosial \u015f\u0259b\u0259k\u0259 hesab\u0131nda payla\u015f\u0131m edib.<\/p>\n<p>\u201cQ\u0259dim qarda\u015fl\u0131q ba\u011flar\u0131m\u0131z olan Can Az\u0259rbaycan\u0131n 32-ci M\u00fcst\u0259qillik G\u00fcn\u00fcn\u00fc \u00fcr\u0259kd\u0259n t\u0259brik edir, Prezident \u0130lham \u018fliyev\u0259 v\u0259 b\u00fct\u00fcn Az\u0259rbaycan xalq\u0131na u\u011furlarla dolu firavan g\u00fcnl\u0259r arzulay\u0131ram\u201d, &#8211; dey\u0259 qeyd olunub.<\/p>\n<\/p><\/div>\n<p><script>\n        (function (d, s, id) {\n            var js, fjs = d.getElementsByTagName(s)[0];\n            if (d.getElementById(id)) return;\n            js = d.createElement(s);\n            js.id = id;\n            js.src = \"\/\/connect.facebook.net\/az_AZ\/sdk.js#xfbml=1&version=v2.7&appId=\";\n            fjs.parentNode.insertBefore(js, fjs);\n        }(document, 'script', 'facebook-jssdk'));\n    <\/script><\/p>\n","protected":false},"excerpt":{"rendered":"<p>\u015eimali Kipr T\u00fcrk C\u00fcmhuriyy\u0259tinin Prezidenti Ersin Tatar Az\u0259rbaycan\u0131n M\u00fcst\u0259qilliyinin B\u0259rpas\u0131 G\u00fcn\u00fc m\u00fcnasib\u0259til\u0259 t\u0259brik edib. Millinews.az x\u0259b\u0259r verir ki, bu bar\u0259d\u0259 Prezident X sosial \u015f\u0259b\u0259k\u0259 hesab\u0131nda payla\u015f\u0131m edib. \u201cQ\u0259dim qarda\u015fl\u0131q ba\u011flar\u0131m\u0131z olan Can Az\u0259rbaycan\u0131n 32-ci M\u00fcst\u0259qillik G\u00fcn\u00fcn\u00fc \u00fcr\u0259kd\u0259n t\u0259brik edir, Prezident \u0130lham \u018fliyev\u0259 v\u0259 b\u00fct\u00fcn Az\u0259rbaycan xalq\u0131na u\u011furlarla dolu firavan g\u00fcnl\u0259r arzulay\u0131ram\u201d, &#8211; dey\u0259 qeyd olunub.<\/p>\n","protected":false},"author":1,"featured_media":3034,"comment_status":"open","ping_status":"closed","sticky":false,"template":"","format":"standard","meta":{"footnotes":""},"categories":[9],"tags":[],"class_list":["post-3033","post","type-post","status-publish","format-standard","has-post-thumbnail","hentry","category-xeber"],"_links":{"self":[{"href":"https:\/\/millitv.net\/index.php?rest_route=\/wp\/v2\/posts\/3033","targetHints":{"allow":["GET"]}}],"collection":[{"href":"https:\/\/millitv.net\/index.php?rest_route=\/wp\/v2\/posts"}],"about":[{"href":"https:\/\/millitv.net\/index.php?rest_route=\/wp\/v2\/types\/post"}],"author":[{"embeddable":true,"href":"https:\/\/millitv.net\/index.php?rest_route=\/wp\/v2\/users\/1"}],"replies":[{"embeddable":true,"href":"https:\/\/millitv.net\/index.php?rest_route=%2Fwp%2Fv2%2Fcomments&post=3033"}],"version-history":[{"count":0,"href":"https:\/\/millitv.net\/index.php?rest_route=\/wp\/v2\/posts\/3033\/revisions"}],"wp:featuredmedia":[{"embeddable":true,"href":"https:\/\/millitv.net\/index.php?rest_route=\/wp\/v2\/media\/3034"}],"wp:attachment":[{"href":"https:\/\/millitv.net\/index.php?rest_route=%2Fwp%2Fv2%2Fmedia&parent=3033"}],"wp:term":[{"taxonomy":"category","embeddable":true,"href":"https:\/\/millitv.net\/index.php?rest_route=%2Fwp%2Fv2%2Fcategories&post=3033"},{"taxonomy":"post_tag","embeddable":true,"href":"https:\/\/millitv.net\/index.php?rest_route=%2Fwp%2Fv2%2Ftags&post=3033"}],"curies":[{"name":"wp","href":"https:\/\/api.w.org\/{rel}","templated":true}]}}