{"id":302,"date":"2023-08-06T06:24:02","date_gmt":"2023-08-06T06:24:02","guid":{"rendered":"https:\/\/millinews.az\/?p=302"},"modified":"2023-08-06T06:24:03","modified_gmt":"2023-08-06T06:24:03","slug":"af%c9%99td%c9%99n-horm%c9%99tsizlik-floraya-it-dedi-hurur-tutmur","status":"publish","type":"post","link":"https:\/\/millitv.net\/?p=302","title":{"rendered":"Af\u0259td\u0259n h\u00f6rm\u0259tsizlik: Floraya &#8220;it&#8221; dedi -&#8221; H\u00fcr\u00fcr, tutmur&#8221;"},"content":{"rendered":"\n<p>Xalq artisti Flora K\u0259rimova v\u0259 m\u00fc\u011f\u0259nni Af\u0259t F\u0259rmanq\u0131z\u0131 aras\u0131nda m\u0259hk\u0259m\u0259 prosesi uzun m\u00fcdd\u0259tdir ki, davam edir.<\/p>\n\n\n\n<p>Oxu.az-a a\u00e7\u0131qlama ver\u0259n Xalq artisti Flora K\u0259rimova Af\u0259tl\u0259 aralar\u0131ndak\u0131 m\u00fcnasib\u0259tin nec\u0259 m\u0259hk\u0259m\u0259 h\u0259ddin\u0259 g\u0259lib \u00e7\u0131xmas\u0131 bar\u0259d\u0259 dan\u0131\u015f\u0131b:<\/p>\n\n\n\n<p>&#8220;O m\u0259ni t\u0259hqir etdi. M\u0259n ona n\u0259 dedim ki? Dedim, N\u0259siminin \u015f\u0259xsiyy\u0259ti tarixd\u0259n silinm\u0259sin dey\u0259 onu yadda\u015flarda qoruduq, dedim, &#8220;q\u0131z\u0131m, el\u0259m\u0259 bunu&#8221;. N\u0259l\u0259r dedi m\u0259n\u0259, n\u0259l\u0259r! Ona deyibl\u0259r ki, &#8220;Onun xasiyy\u0259tini bilmirs\u0259n? Qorxmursan ki, s\u0259ninl\u0259 ba\u011fl\u0131 \u00f6l\u00e7\u00fc g\u00f6t\u00fcr\u0259r?&#8221; Deyir, &#8220;Yox, onun h\u00fcrm\u0259yi var, tutma\u011f\u0131 yoxdur&#8221;. S\u0259n \u0259mins\u0259n ki, m\u0259n tuta bilmir\u0259m? M\u0259n tutanda par\u00e7alay\u0131ram. H\u00fccum edir\u0259m, bo\u011faz\u0131ndan, xirtd\u0259yind\u0259n tutub par\u00e7alay\u0131ram. O xirtd\u0259yi \u00fczm\u0259y\u0259n\u0259 q\u0259d\u0259r \u0259l \u00e7\u0259kmir\u0259m. \u00d6z\u00fc d\u0259 deyirdi ki, &#8220;\u0130ndiy\u0259 q\u0259d\u0259r m\u0259n mahn\u0131lar oxuyurdum, ancaq m\u0259ni tan\u0131m\u0131rd\u0131lar, m\u0259n qazana bilmirdim. &#8220;P\u0259ncu-\u015fe\u015f&#8221; mahn\u0131s\u0131n\u0131 oxuyan kimi m\u0259ni tan\u0131d\u0131lar.Dem\u0259li, s\u0259n N\u0259simini, m\u0259d\u0259niyy\u0259timizi, musiqi tariximizi bir qazanc\u0131na qurban verdin? Bir cibin\u0259 qurban verdin? Bir tik\u0259 \u00e7\u00f6r\u0259y\u0259 qurban verdin? Utanmad\u0131n? Bunun he\u00e7 bir d\u0259ft\u0259rd\u0259 ad\u0131 yox idi dey\u0259 bu f\u00fcrs\u0259td\u0259n istifad\u0259 etdi, \u00f6z\u00fcn\u00fc tan\u0131td\u0131. Af\u0259t, \u00f6z\u00fcn\u00fc tan\u0131da bil\u0259rs\u0259n, b\u0259s \u00f6z\u00fcn\u00fc sevdir\u0259 bil\u0259rs\u0259nmi? Bir m\u00fc\u011f\u0259nni kimi q\u0259bul oluna bil\u0259rs\u0259nmi? G\u0259ldin, \u00f6z\u00fcn\u00fc qoydun m\u0259nim s\u0259viyy\u0259m\u0259, qalxa bildinmi? Yen\u0259 d\u0259 m\u0259nim hesab\u0131ma s\u0259ni tan\u0131d\u0131lar. Deyir ki, m\u0259nim \u00e7\u00f6r\u0259yim\u0259 bais olursan. M\u0259n n\u0259 etm\u0259li idim? M\u0259n vokal s\u0259n\u0259tind\u0259 yegan\u0259 qalm\u0131\u015fam. Ham\u0131 getdi, ham\u0131 d\u00fcnyas\u0131n\u0131 d\u0259yi\u015fdi.<\/p>\n\n\n\n<p>M\u0259n tarixi v\u0259zif\u0259mi yerin\u0259 yetirirdim. S\u0259n\u0259tin\u0259 bigan\u0259 yana\u015fan bir-iki adam varsa, m\u0259n d\u0259 d\u00fcnyadan k\u00f6\u00e7d\u00fcms\u0259, dinm\u0259y\u0259c\u0259kl\u0259r. \u00c7\u00fcnki s\u0259nin kimi dilini, s\u00f6z\u00fcn\u00fc bilm\u0259y\u0259n, b\u00f6htana \u0259l atan \u00e7ox adam var. M\u0259n s\u0259ni harada t\u0259hqir etdim? M\u0259n t\u0259hqir\u0259 t\u0259hqirl\u0259 cavab verir\u0259m. \u00c7\u0131xar, g\u00f6st\u0259r, m\u0259n s\u0259ni harada t\u0259hqir etdim? S\u0259n is\u0259 m\u0259ni s\u00f6zl\u0259rinl\u0259 k\u00fc\u00e7\u0259 qad\u0131n\u0131 etdin. V\u0259 cavab\u0131n\u0131 da ald\u0131n&#8221;.&nbsp;<\/p>\n\n\n\n<p>Xalq artisti a\u00e7\u0131qlamas\u0131nda Af\u0259ti \u00fczr ist\u0259s\u0259 d\u0259, ba\u011f\u0131\u015flamayaca\u011f\u0131n\u0131 bildirib:<\/p>\n","protected":false},"excerpt":{"rendered":"<p>Xalq artisti Flora K\u0259rimova v\u0259 m\u00fc\u011f\u0259nni Af\u0259t F\u0259rmanq\u0131z\u0131 aras\u0131nda m\u0259hk\u0259m\u0259 prosesi uzun m\u00fcdd\u0259tdir ki, davam edir. Oxu.az-a a\u00e7\u0131qlama ver\u0259n Xalq artisti Flora K\u0259rimova Af\u0259tl\u0259 aralar\u0131ndak\u0131 m\u00fcnasib\u0259tin nec\u0259 m\u0259hk\u0259m\u0259 h\u0259ddin\u0259 g\u0259lib \u00e7\u0131xmas\u0131 bar\u0259d\u0259 dan\u0131\u015f\u0131b: &#8220;O m\u0259ni t\u0259hqir etdi. M\u0259n ona n\u0259 dedim ki? Dedim, N\u0259siminin \u015f\u0259xsiyy\u0259ti tarixd\u0259n silinm\u0259sin dey\u0259 onu yadda\u015flarda qoruduq, dedim, &#8220;q\u0131z\u0131m, el\u0259m\u0259 bunu&#8221;. &hellip;<\/p>\n","protected":false},"author":1,"featured_media":303,"comment_status":"open","ping_status":"closed","sticky":false,"template":"","format":"standard","meta":{"footnotes":""},"categories":[6],"tags":[],"class_list":["post-302","post","type-post","status-publish","format-standard","has-post-thumbnail","hentry","category-maqazin"],"_links":{"self":[{"href":"https:\/\/millitv.net\/index.php?rest_route=\/wp\/v2\/posts\/302","targetHints":{"allow":["GET"]}}],"collection":[{"href":"https:\/\/millitv.net\/index.php?rest_route=\/wp\/v2\/posts"}],"about":[{"href":"https:\/\/millitv.net\/index.php?rest_route=\/wp\/v2\/types\/post"}],"author":[{"embeddable":true,"href":"https:\/\/millitv.net\/index.php?rest_route=\/wp\/v2\/users\/1"}],"replies":[{"embeddable":true,"href":"https:\/\/millitv.net\/index.php?rest_route=%2Fwp%2Fv2%2Fcomments&post=302"}],"version-history":[{"count":0,"href":"https:\/\/millitv.net\/index.php?rest_route=\/wp\/v2\/posts\/302\/revisions"}],"wp:featuredmedia":[{"embeddable":true,"href":"https:\/\/millitv.net\/index.php?rest_route=\/wp\/v2\/media\/303"}],"wp:attachment":[{"href":"https:\/\/millitv.net\/index.php?rest_route=%2Fwp%2Fv2%2Fmedia&parent=302"}],"wp:term":[{"taxonomy":"category","embeddable":true,"href":"https:\/\/millitv.net\/index.php?rest_route=%2Fwp%2Fv2%2Fcategories&post=302"},{"taxonomy":"post_tag","embeddable":true,"href":"https:\/\/millitv.net\/index.php?rest_route=%2Fwp%2Fv2%2Ftags&post=302"}],"curies":[{"name":"wp","href":"https:\/\/api.w.org\/{rel}","templated":true}]}}