{"id":2955,"date":"2023-10-18T13:43:50","date_gmt":"2023-10-18T13:43:50","guid":{"rendered":"https:\/\/millinews.az\/xeber\/az%C9%99rbaycan-f%C9%99l%C9%99stin-xalqinin-dovl%C9%99tcilik-mubariz%C9%99sini-d%C9%99st%C9%99kl%C9%99yir\/"},"modified":"2023-10-18T13:43:50","modified_gmt":"2023-10-18T13:43:50","slug":"az%C9%99rbaycan-f%C9%99l%C9%99stin-xalqinin-dovl%C9%99tcilik-mubariz%C9%99sini-d%C9%99st%C9%99kl%C9%99yir","status":"publish","type":"post","link":"https:\/\/millitv.net\/?p=2955","title":{"rendered":"Az\u0259rbaycan F\u0259l\u0259stin xalq\u0131n\u0131n d\u00f6vl\u0259t\u00e7ilik m\u00fcbariz\u0259sini d\u0259st\u0259kl\u0259yir"},"content":{"rendered":"<div id=\"maincontent\">&#13;<br \/>\n        &#13;<\/p>\n<p><strong>Az\u0259rbaycan h\u0259r zaman \u0130slam h\u0259mr\u0259yliyin\u0259 sadiq qal\u0131b.<\/strong><\/p>\n<p><a href=\"https:\/\/Millinews.az\" target=\"_blank\" class=\"kw-link\" rel=\"noopener\">Millinews.az<\/a> x\u0259b\u0259r verir ki, bu bar\u0259d\u0259 xarici i\u015fl\u0259r naziri Ceyhun Bayramov \u0130srail-F\u0259l\u0259stin m\u00fcnaqi\u015f\u0259 zonas\u0131nda ba\u015f ver\u0259n son hadis\u0259l\u0259r il\u0259 ba\u011fl\u0131 \u0130slam \u018fm\u0259kda\u015fl\u0131q T\u0259\u015fkilat\u0131n\u0131n (\u0130\u018fT) \u0130craiyy\u0259 Komit\u0259sinin nazirl\u0259r s\u0259viyy\u0259sind\u0259 ke\u00e7iril\u0259n n\u00f6vb\u0259d\u0259nk\u0259nar iclas\u0131nda bildirib. &#13;\n<\/p>\n<p>\u00d6lk\u0259mizin F\u0259l\u0259stin xalq\u0131n\u0131n d\u00f6vl\u0259t\u00e7ilik m\u00fcbariz\u0259sini d\u0259st\u0259kl\u0259diyini qeyd ed\u0259n nazir Ceyhun Bayramov, Az\u0259rbaycan\u0131n beyn\u0259lxalq h\u00fcquq normalar\u0131, habel\u0259 m\u00fcvafiq BMT q\u0259tnam\u0259l\u0259rin\u0259 uy\u011fun olaraq \u0130srail-F\u0259l\u0259stin m\u00fcnaqi\u015f\u0259sinin \u015e\u0259rqi Q\u00fcds\u00fcn F\u0259l\u0259stin D\u00f6vl\u0259tinin paytaxt\u0131 olmas\u0131 il\u0259 iki d\u00f6vl\u0259t prinsipi \u0259sas\u0131nda h\u0259llin\u0259 t\u0259r\u0259fdar oldu\u011funu qeyd edib.<\/p>\n<p>M\u00fcnaqi\u015f\u0259nin n\u0259tic\u0259l\u0259rinin aradan qald\u0131r\u0131lmas\u0131 istiqam\u0259tind\u0259 Az\u0259rbaycan\u0131n s\u0259yl\u0259rind\u0259n b\u0259hs ed\u0259n nazir Ceyhun Bayramov, \u00f6lk\u0259mizin F\u0259l\u0259stinli qa\u00e7q\u0131nlara d\u0259st\u0259k m\u0259qs\u0259dil\u0259 BMT-nin Yax\u0131n \u015e\u0259rq Agentliyin\u0259 1,6 milyon dollar maliyy\u0259 t\u00f6hf\u0259si verdiyini diqq\u0259t\u0259 \u00e7atd\u0131r\u0131b.<\/p>\n<p>X\u00fcsusil\u0259, Qo\u015fulmama H\u0259r\u0259kat\u0131na s\u0259drliyimiz d\u00f6vr\u00fcnd\u0259 \u00f6lk\u0259mizin F\u0259l\u0259stin problemin\u0259 x\u00fcsusi diqq\u0259t yetirdiyi, bu x\u00fcsusda H\u0259r\u0259kat\u0131n F\u0259l\u0259stin \u00fczr\u0259 Nazirl\u0259r Komit\u0259sinin i\u015finin g\u00fccl\u0259ndirilm\u0259si istiqam\u0259tind\u0259 f\u0259aliyy\u0259t g\u00f6st\u0259rdiyi bildirilib.<\/p>\n<p>Nazir Ceyhun Bayramov bundan sonra da F\u0259l\u0259stin probleminin beyn\u0259lxalq h\u00fcququn norma v\u0259 prinsipl\u0259rin\u0259 uy\u011fun \u015f\u0259kild\u0259 h\u0259llin\u0259 nail olmaq \u00fc\u00e7\u00fcn s\u0259yl\u0259rimizi davam etdir\u0259c\u0259yimizi bildirib.&#13;<br \/>\n        &#13;<br \/>\n&#13;<br \/>\n        &#13;<br \/>\n&#13;\n        <\/p>\n<p><noscript><\/p>\n<p>You must enable Javascript on your browser for the site to work optimally and display sections completely.<\/p>\n<p><\/noscript>\t\t&#13;<br \/>\n\t\t&#13;\n    <\/div>\n<p><script type=\"text\/javascript\">jQuery(document).ready(function () {\n(function(d, s, id) {\n    var js, fjs = d.getElementsByTagName(s)[0];\n    if (d.getElementById(id))\n        return;\n    js = d.createElement(s);\n    js.id = id;\n    js.src = \"\/\/connect.facebook.net\/az_AZ\/all.js#xfbml=1&appId=1002485763137712\";\n    fjs.parentNode.insertBefore(js, fjs);\n}(document, 'script', 'facebook-jssdk'));                \n});<\/script><\/p>\n","protected":false},"excerpt":{"rendered":"<p>&#13; &#13; Az\u0259rbaycan h\u0259r zaman \u0130slam h\u0259mr\u0259yliyin\u0259 sadiq qal\u0131b. Millinews.az x\u0259b\u0259r verir ki, bu bar\u0259d\u0259 xarici i\u015fl\u0259r naziri Ceyhun Bayramov \u0130srail-F\u0259l\u0259stin m\u00fcnaqi\u015f\u0259 zonas\u0131nda ba\u015f ver\u0259n son hadis\u0259l\u0259r il\u0259 ba\u011fl\u0131 \u0130slam \u018fm\u0259kda\u015fl\u0131q T\u0259\u015fkilat\u0131n\u0131n (\u0130\u018fT) \u0130craiyy\u0259 Komit\u0259sinin nazirl\u0259r s\u0259viyy\u0259sind\u0259 ke\u00e7iril\u0259n n\u00f6vb\u0259d\u0259nk\u0259nar iclas\u0131nda bildirib. &#13; \u00d6lk\u0259mizin F\u0259l\u0259stin xalq\u0131n\u0131n d\u00f6vl\u0259t\u00e7ilik m\u00fcbariz\u0259sini d\u0259st\u0259kl\u0259diyini qeyd ed\u0259n nazir Ceyhun Bayramov, Az\u0259rbaycan\u0131n beyn\u0259lxalq &hellip;<\/p>\n","protected":false},"author":1,"featured_media":2956,"comment_status":"open","ping_status":"closed","sticky":false,"template":"","format":"standard","meta":{"footnotes":""},"categories":[9],"tags":[],"class_list":["post-2955","post","type-post","status-publish","format-standard","has-post-thumbnail","hentry","category-xeber"],"_links":{"self":[{"href":"https:\/\/millitv.net\/index.php?rest_route=\/wp\/v2\/posts\/2955","targetHints":{"allow":["GET"]}}],"collection":[{"href":"https:\/\/millitv.net\/index.php?rest_route=\/wp\/v2\/posts"}],"about":[{"href":"https:\/\/millitv.net\/index.php?rest_route=\/wp\/v2\/types\/post"}],"author":[{"embeddable":true,"href":"https:\/\/millitv.net\/index.php?rest_route=\/wp\/v2\/users\/1"}],"replies":[{"embeddable":true,"href":"https:\/\/millitv.net\/index.php?rest_route=%2Fwp%2Fv2%2Fcomments&post=2955"}],"version-history":[{"count":0,"href":"https:\/\/millitv.net\/index.php?rest_route=\/wp\/v2\/posts\/2955\/revisions"}],"wp:featuredmedia":[{"embeddable":true,"href":"https:\/\/millitv.net\/index.php?rest_route=\/wp\/v2\/media\/2956"}],"wp:attachment":[{"href":"https:\/\/millitv.net\/index.php?rest_route=%2Fwp%2Fv2%2Fmedia&parent=2955"}],"wp:term":[{"taxonomy":"category","embeddable":true,"href":"https:\/\/millitv.net\/index.php?rest_route=%2Fwp%2Fv2%2Fcategories&post=2955"},{"taxonomy":"post_tag","embeddable":true,"href":"https:\/\/millitv.net\/index.php?rest_route=%2Fwp%2Fv2%2Ftags&post=2955"}],"curies":[{"name":"wp","href":"https:\/\/api.w.org\/{rel}","templated":true}]}}