{"id":2939,"date":"2023-10-18T12:36:16","date_gmt":"2023-10-18T12:36:16","guid":{"rendered":"https:\/\/millinews.az\/xeber\/turkm%C9%99nistan-prezidenti-az%C9%99rbaycan-dovl%C9%99t-bascisina-t%C9%99brik-m%C9%99ktubu-unvanladi\/"},"modified":"2023-10-18T12:36:16","modified_gmt":"2023-10-18T12:36:16","slug":"turkm%C9%99nistan-prezidenti-az%C9%99rbaycan-dovl%C9%99t-bascisina-t%C9%99brik-m%C9%99ktubu-unvanladi","status":"publish","type":"post","link":"https:\/\/millitv.net\/?p=2939","title":{"rendered":"T\u00fcrkm\u0259nistan Prezidenti Az\u0259rbaycan d\u00f6vl\u0259t ba\u015f\u00e7\u0131s\u0131na t\u0259brik m\u0259ktubu \u00fcnvanlad\u0131"},"content":{"rendered":"<div id=\"maincontent\">&#13;<br \/>\n        &#13;<\/p>\n<p><strong>T\u00fcrkm\u0259nistan\u0131n Prezidenti S\u0259rdar Berdim\u0259h\u0259mm\u0259dov Prezident \u0130lham \u018fliyev\u0259 t\u0259brik m\u0259ktubu \u00fcnvanlay\u0131b.<\/strong><\/p>\n<p><a href=\"https:\/\/Millinews.az\" target=\"_blank\" class=\"kw-link\" rel=\"noopener\">Millinews.az<\/a> x\u0259b\u0259r verir ki, m\u0259ktubda deyilir: &#13;\n<\/p>\n<p>&#8220;H\u00f6rm\u0259tli \u0130lham Heyd\u0259r o\u011flu!<\/p>\n<p>Az\u0259rbaycan Respublikas\u0131n\u0131n M\u00fcst\u0259qilliyinin B\u0259rpas\u0131 G\u00fcn\u00fc m\u00fcnasib\u0259til\u0259 Siz\u0259 s\u0259mimi t\u0259brikl\u0259rimi v\u0259 \u0259n xo\u015f arzular\u0131m\u0131 \u00e7atd\u0131rmaqdan \u015f\u0259r\u0259f duyuram.<\/p>\n<p>Az\u0259rbaycan sosial v\u0259 iqtisadi sah\u0259l\u0259rd\u0259 yeni zirv\u0259l\u0259r\u0259 \u00e7atm\u0131\u015fd\u0131r, h\u0259m\u00e7inin beyn\u0259lxalq arenada n\u00fcfuzunun daha da artmas\u0131 istiqam\u0259tind\u0259 inamla ir\u0259lil\u0259m\u0259kd\u0259 davam edir.<\/p>\n<p>Biz T\u00fcrkm\u0259nistan v\u0259 Az\u0259rbaycan Respublikas\u0131 aras\u0131nda qarda\u015fl\u0131q m\u00fcnasib\u0259tl\u0259rin\u0259 b\u00f6y\u00fck \u0259h\u0259miyy\u0259t veririk. T\u00fcrkm\u0259nistan-Az\u0259rbaycan \u0259m\u0259kda\u015fl\u0131\u011f\u0131n\u0131n daha y\u00fcks\u0259k s\u0259viyy\u0259y\u0259 qald\u0131r\u0131lmas\u0131 \u00fc\u00e7\u00fcn bundan sonra da Sizinl\u0259 birlikd\u0259 h\u0259rt\u0259r\u0259fli s\u0259yl\u0259r g\u00f6st\u0259rm\u0259y\u0259 haz\u0131r oldu\u011fumu bildirir\u0259m.<\/p>\n<p>H\u00f6rm\u0259tli \u0130lham Heyd\u0259r o\u011flu, bu xo\u015f f\u00fcrs\u0259td\u0259n istifad\u0259 ed\u0259r\u0259k, Siz\u0259 s\u0259mimi-q\u0259lbd\u0259n m\u00f6hk\u0259m cansa\u011fl\u0131\u011f\u0131, xo\u015fb\u0259xtlik v\u0259 firavanl\u0131q, qarda\u015f Az\u0259rbaycan xalq\u0131na is\u0259 s\u00fclh, t\u0259r\u0259qqi v\u0259 rifah arzulay\u0131ram&#8221;.&#13;<br \/>\n        &#13;<br \/>\n&#13;<br \/>\n        &#13;<br \/>\n&#13;\n        <\/p>\n<p><noscript><\/p>\n<p>You must enable Javascript on your browser for the site to work optimally and display sections completely.<\/p>\n<p><\/noscript>\t\t&#13;<br \/>\n\t\t&#13;\n    <\/div>\n<p><script type=\"text\/javascript\">jQuery(document).ready(function () {\n(function(d, s, id) {\n    var js, fjs = d.getElementsByTagName(s)[0];\n    if (d.getElementById(id))\n        return;\n    js = d.createElement(s);\n    js.id = id;\n    js.src = \"\/\/connect.facebook.net\/az_AZ\/all.js#xfbml=1&appId=1002485763137712\";\n    fjs.parentNode.insertBefore(js, fjs);\n}(document, 'script', 'facebook-jssdk'));                \n});<\/script><\/p>\n","protected":false},"excerpt":{"rendered":"<p>&#13; &#13; T\u00fcrkm\u0259nistan\u0131n Prezidenti S\u0259rdar Berdim\u0259h\u0259mm\u0259dov Prezident \u0130lham \u018fliyev\u0259 t\u0259brik m\u0259ktubu \u00fcnvanlay\u0131b. Millinews.az x\u0259b\u0259r verir ki, m\u0259ktubda deyilir: &#13; &#8220;H\u00f6rm\u0259tli \u0130lham Heyd\u0259r o\u011flu! Az\u0259rbaycan Respublikas\u0131n\u0131n M\u00fcst\u0259qilliyinin B\u0259rpas\u0131 G\u00fcn\u00fc m\u00fcnasib\u0259til\u0259 Siz\u0259 s\u0259mimi t\u0259brikl\u0259rimi v\u0259 \u0259n xo\u015f arzular\u0131m\u0131 \u00e7atd\u0131rmaqdan \u015f\u0259r\u0259f duyuram. Az\u0259rbaycan sosial v\u0259 iqtisadi sah\u0259l\u0259rd\u0259 yeni zirv\u0259l\u0259r\u0259 \u00e7atm\u0131\u015fd\u0131r, h\u0259m\u00e7inin beyn\u0259lxalq arenada n\u00fcfuzunun daha da artmas\u0131 istiqam\u0259tind\u0259 &hellip;<\/p>\n","protected":false},"author":1,"featured_media":2940,"comment_status":"open","ping_status":"closed","sticky":false,"template":"","format":"standard","meta":{"footnotes":""},"categories":[9],"tags":[],"class_list":["post-2939","post","type-post","status-publish","format-standard","has-post-thumbnail","hentry","category-xeber"],"_links":{"self":[{"href":"https:\/\/millitv.net\/index.php?rest_route=\/wp\/v2\/posts\/2939","targetHints":{"allow":["GET"]}}],"collection":[{"href":"https:\/\/millitv.net\/index.php?rest_route=\/wp\/v2\/posts"}],"about":[{"href":"https:\/\/millitv.net\/index.php?rest_route=\/wp\/v2\/types\/post"}],"author":[{"embeddable":true,"href":"https:\/\/millitv.net\/index.php?rest_route=\/wp\/v2\/users\/1"}],"replies":[{"embeddable":true,"href":"https:\/\/millitv.net\/index.php?rest_route=%2Fwp%2Fv2%2Fcomments&post=2939"}],"version-history":[{"count":0,"href":"https:\/\/millitv.net\/index.php?rest_route=\/wp\/v2\/posts\/2939\/revisions"}],"wp:featuredmedia":[{"embeddable":true,"href":"https:\/\/millitv.net\/index.php?rest_route=\/wp\/v2\/media\/2940"}],"wp:attachment":[{"href":"https:\/\/millitv.net\/index.php?rest_route=%2Fwp%2Fv2%2Fmedia&parent=2939"}],"wp:term":[{"taxonomy":"category","embeddable":true,"href":"https:\/\/millitv.net\/index.php?rest_route=%2Fwp%2Fv2%2Fcategories&post=2939"},{"taxonomy":"post_tag","embeddable":true,"href":"https:\/\/millitv.net\/index.php?rest_route=%2Fwp%2Fv2%2Ftags&post=2939"}],"curies":[{"name":"wp","href":"https:\/\/api.w.org\/{rel}","templated":true}]}}