{"id":2925,"date":"2023-10-18T11:52:59","date_gmt":"2023-10-18T11:52:59","guid":{"rendered":"https:\/\/millinews.az\/xeber\/roya-fuzulid%C9%99-bu-mahni-il%C9%99-s%C9%99hn%C9%99y%C9%99-cixdi\/"},"modified":"2023-10-18T11:52:59","modified_gmt":"2023-10-18T11:52:59","slug":"roya-fuzulid%C9%99-bu-mahni-il%C9%99-s%C9%99hn%C9%99y%C9%99-cixdi","status":"publish","type":"post","link":"https:\/\/millitv.net\/?p=2925","title":{"rendered":"R\u00f6ya F\u00fczulid\u0259 bu mahn\u0131 il\u0259 s\u0259hn\u0259y\u0259 \u00e7\u0131xd\u0131"},"content":{"rendered":"<p><img decoding=\"async\" src=\"https:\/\/Millinews.az\/storage\/2023\/10\/18\/img_8964.jpg\" alt=\"\" title=\"\"><\/p>\n<div id=\"mvp-content-main\">\n<p><strong>Xalq artisti R\u00f6ya Ayxan \u201cF\u00fczuli \u015e\u0259h\u0259ri G\u00fcn\u00fc\u201dnd\u0259 ke\u00e7iril\u0259n konsertd\u0259 s\u0259hn\u0259y\u0259 \u00e7\u0131x\u0131b.<\/strong><\/p>\n<p><strong><a target=\"_blank\" href=\"https:\/\/Millinews.az\" rel=\"noopener\">Millinews.az<\/a><\/strong> x\u0259b\u0259r verir ki, bir s\u0131ra s\u0259n\u0259t\u00e7il\u0259rin yer ald\u0131\u011f\u0131 m\u00fch\u00fcm t\u0259dbird\u0259 estrada ulduzu \u201c\u0130r\u0259vanda xal qalmad\u0131\u201d xalq mahn\u0131s\u0131n\u0131 s\u0259sl\u0259ndirib.<\/p>\n<p>Qeyd ed\u0259k ki, mu\u011fam ifa\u00e7\u0131s\u0131 Cabbar Qarya\u011fd\u0131o\u011flu bu m\u0259\u015fhur mahn\u0131n\u0131n h\u0259m s\u00f6zl\u0259rinin, h\u0259m d\u0259 musiqisinin m\u00fc\u0259llifidir.<\/p>\n<p>T\u0259dbir\u0259 \u00f6z\u0259l haz\u0131rla\u015fan s\u0259n\u0259t\u00e7ini milli geyimd\u0259 r\u0259qqaslar m\u00fc\u015fayi\u0259t edib.<\/p>\n<p>R\u00f6ya Ayxan s\u0259hn\u0259y\u0259 x\u00fcsusi libasda \u00e7\u0131x\u0131b. Onun geyiminin m\u00fc\u0259llifi m\u0259\u015fhur modelyer Z\u00fcmr\u00fcd Mirz\u0259liyevad\u0131r. G\u00f6y r\u0259ngli uzun libas k\u0259l\u0259\u011fay\u0131 il\u0259 tamamlan\u0131b. Onun \u00fcz\u0259rind\u0259 Az\u0259rbaycan bayra\u011f\u0131n\u0131n r\u0259ngl\u0259ri &#8211; g\u00f6y, q\u0131rm\u0131z\u0131 v\u0259 ya\u015f\u0131l r\u0259ng \u0259ks olunub, paltar \u00f6z\u0259l olaraq R\u00f6ya Ayxan \u00fc\u00e7\u00fcn haz\u0131rlan\u0131b.<\/p>\n<p><video controls=\"controls\" height=\"300\" id=\"video2023918145026\" poster=\"\" width=\"400\"><source src=\"https:\/\/Millinews.az\/storage\/2023\/10\/18\/whatsapp_video_2023-10-18_at_14.48.27.mp4\" type=\"video\/mp4\"\/>Your browser doesn&#8217;t support video.<br \/>&#13;<br \/>\nPlease download the file: <a href=\"https:\/\/Millinews.az\/storage\/2023\/10\/18\/whatsapp_video_2023-10-18_at_14.48.27.mp4\" target=\"_blank\" rel=\"noopener\">video\/mp4<\/a><\/video><\/p>\n<\/p><\/div>\n<p><script>\n        (function (d, s, id) {\n            var js, fjs = d.getElementsByTagName(s)[0];\n            if (d.getElementById(id)) return;\n            js = d.createElement(s);\n            js.id = id;\n            js.src = \"\/\/connect.facebook.net\/az_AZ\/sdk.js#xfbml=1&version=v2.7&appId=\";\n            fjs.parentNode.insertBefore(js, fjs);\n        }(document, 'script', 'facebook-jssdk'));\n    <\/script><\/p>\n","protected":false},"excerpt":{"rendered":"<p>Xalq artisti R\u00f6ya Ayxan \u201cF\u00fczuli \u015e\u0259h\u0259ri G\u00fcn\u00fc\u201dnd\u0259 ke\u00e7iril\u0259n konsertd\u0259 s\u0259hn\u0259y\u0259 \u00e7\u0131x\u0131b. Millinews.az x\u0259b\u0259r verir ki, bir s\u0131ra s\u0259n\u0259t\u00e7il\u0259rin yer ald\u0131\u011f\u0131 m\u00fch\u00fcm t\u0259dbird\u0259 estrada ulduzu \u201c\u0130r\u0259vanda xal qalmad\u0131\u201d xalq mahn\u0131s\u0131n\u0131 s\u0259sl\u0259ndirib. Qeyd ed\u0259k ki, mu\u011fam ifa\u00e7\u0131s\u0131 Cabbar Qarya\u011fd\u0131o\u011flu bu m\u0259\u015fhur mahn\u0131n\u0131n h\u0259m s\u00f6zl\u0259rinin, h\u0259m d\u0259 musiqisinin m\u00fc\u0259llifidir. T\u0259dbir\u0259 \u00f6z\u0259l haz\u0131rla\u015fan s\u0259n\u0259t\u00e7ini milli geyimd\u0259 r\u0259qqaslar m\u00fc\u015fayi\u0259t edib. &hellip;<\/p>\n","protected":false},"author":1,"featured_media":2926,"comment_status":"open","ping_status":"closed","sticky":false,"template":"","format":"standard","meta":{"footnotes":""},"categories":[9],"tags":[],"class_list":["post-2925","post","type-post","status-publish","format-standard","has-post-thumbnail","hentry","category-xeber"],"_links":{"self":[{"href":"https:\/\/millitv.net\/index.php?rest_route=\/wp\/v2\/posts\/2925","targetHints":{"allow":["GET"]}}],"collection":[{"href":"https:\/\/millitv.net\/index.php?rest_route=\/wp\/v2\/posts"}],"about":[{"href":"https:\/\/millitv.net\/index.php?rest_route=\/wp\/v2\/types\/post"}],"author":[{"embeddable":true,"href":"https:\/\/millitv.net\/index.php?rest_route=\/wp\/v2\/users\/1"}],"replies":[{"embeddable":true,"href":"https:\/\/millitv.net\/index.php?rest_route=%2Fwp%2Fv2%2Fcomments&post=2925"}],"version-history":[{"count":0,"href":"https:\/\/millitv.net\/index.php?rest_route=\/wp\/v2\/posts\/2925\/revisions"}],"wp:featuredmedia":[{"embeddable":true,"href":"https:\/\/millitv.net\/index.php?rest_route=\/wp\/v2\/media\/2926"}],"wp:attachment":[{"href":"https:\/\/millitv.net\/index.php?rest_route=%2Fwp%2Fv2%2Fmedia&parent=2925"}],"wp:term":[{"taxonomy":"category","embeddable":true,"href":"https:\/\/millitv.net\/index.php?rest_route=%2Fwp%2Fv2%2Fcategories&post=2925"},{"taxonomy":"post_tag","embeddable":true,"href":"https:\/\/millitv.net\/index.php?rest_route=%2Fwp%2Fv2%2Ftags&post=2925"}],"curies":[{"name":"wp","href":"https:\/\/api.w.org\/{rel}","templated":true}]}}