{"id":2921,"date":"2023-10-18T11:41:52","date_gmt":"2023-10-18T11:41:52","guid":{"rendered":"https:\/\/millinews.az\/xeber\/rusiyada-pasinyanin-devrilm%C9%99si-cagirslari-edilir\/"},"modified":"2023-10-18T11:41:52","modified_gmt":"2023-10-18T11:41:52","slug":"rusiyada-pasinyanin-devrilm%C9%99si-cagirslari-edilir","status":"publish","type":"post","link":"https:\/\/millitv.net\/?p=2921","title":{"rendered":"Rusiyada Pa\u015finyan\u0131n devrilm\u0259si \u00e7a\u011f\u0131r\u015flar\u0131 edilir"},"content":{"rendered":"<p><img decoding=\"async\" src=\"https:\/\/Millinews.az\/storage\/2023\/03\/24\/pasinyan.jpg\" alt=\"\" title=\"\"><\/p>\n<div id=\"mvp-content-main\">\n<p><strong>Rusiyan\u0131n d\u00f6vl\u0259t kanallar\u0131n\u0131n ekspertl\u0259ri Erm\u0259nistanda hakimiyy\u0259t \u00e7evrili\u015fi haqda \u00e7a\u011f\u0131r\u0131\u015flar edirl\u0259r.<\/strong><\/p>\n<p><a target=\"_blank\" href=\"https:\/\/Millinews.az\" rel=\"noopener\">Millinews.az<\/a> x\u0259b\u0259r verir ki, bu bar\u0259d\u0259 Erm\u0259nistan parlamentinin xarici \u0259laq\u0259l\u0259r komissiyas\u0131n\u0131n r\u0259hb\u0259ri Sarkis Xandanyan Pa\u015finyan\u0131n Avropa Parlamentind\u0259 \u00e7\u0131x\u0131\u015f\u0131 zaman\u0131 \u201ct\u0259hl\u00fck\u0259sizlik m\u00fctt\u0259fiql\u0259rinin\u201d onu devirm\u0259k ist\u0259diyi haqda dedikl\u0259rin\u0259 m\u00fcnasib\u0259t bildir\u0259rk\u0259n deyib.<\/p>\n<p>Onun s\u00f6zl\u0259rin\u0259 g\u00f6r\u0259, Rusiya d\u00f6vl\u0259t kanallar\u0131nda Erm\u0259nistan xalq\u0131n\u0131n k\u00fc\u00e7\u0259y\u0259 \u00e7\u0131xmas\u0131 v\u0259 hakimiyy\u0259ti d\u0259yi\u015fm\u0259si \u00e7a\u011f\u0131r\u0131\u015flar\u0131 intensivl\u0259\u015fib.<\/p>\n<p>Xanandanyan bununla Pa\u015finyan\u0131n fikirl\u0259rin\u0259 haqq qazand\u0131r\u0131b.<\/p>\n<p><strong>Asif<\/strong><br \/>&#13;<br \/>\n<!--[if !supportLineBreakNewLine]--><br \/>&#13;<br \/>\n<!--[endif]--><\/p>\n<\/p><\/div>\n<p><script>\n        (function (d, s, id) {\n            var js, fjs = d.getElementsByTagName(s)[0];\n            if (d.getElementById(id)) return;\n            js = d.createElement(s);\n            js.id = id;\n            js.src = \"\/\/connect.facebook.net\/az_AZ\/sdk.js#xfbml=1&version=v2.7&appId=\";\n            fjs.parentNode.insertBefore(js, fjs);\n        }(document, 'script', 'facebook-jssdk'));\n    <\/script><\/p>\n","protected":false},"excerpt":{"rendered":"<p>Rusiyan\u0131n d\u00f6vl\u0259t kanallar\u0131n\u0131n ekspertl\u0259ri Erm\u0259nistanda hakimiyy\u0259t \u00e7evrili\u015fi haqda \u00e7a\u011f\u0131r\u0131\u015flar edirl\u0259r. Millinews.az x\u0259b\u0259r verir ki, bu bar\u0259d\u0259 Erm\u0259nistan parlamentinin xarici \u0259laq\u0259l\u0259r komissiyas\u0131n\u0131n r\u0259hb\u0259ri Sarkis Xandanyan Pa\u015finyan\u0131n Avropa Parlamentind\u0259 \u00e7\u0131x\u0131\u015f\u0131 zaman\u0131 \u201ct\u0259hl\u00fck\u0259sizlik m\u00fctt\u0259fiql\u0259rinin\u201d onu devirm\u0259k ist\u0259diyi haqda dedikl\u0259rin\u0259 m\u00fcnasib\u0259t bildir\u0259rk\u0259n deyib. Onun s\u00f6zl\u0259rin\u0259 g\u00f6r\u0259, Rusiya d\u00f6vl\u0259t kanallar\u0131nda Erm\u0259nistan xalq\u0131n\u0131n k\u00fc\u00e7\u0259y\u0259 \u00e7\u0131xmas\u0131 v\u0259 hakimiyy\u0259ti d\u0259yi\u015fm\u0259si \u00e7a\u011f\u0131r\u0131\u015flar\u0131 intensivl\u0259\u015fib. Xanandanyan &hellip;<\/p>\n","protected":false},"author":1,"featured_media":2922,"comment_status":"open","ping_status":"closed","sticky":false,"template":"","format":"standard","meta":{"footnotes":""},"categories":[9],"tags":[],"class_list":["post-2921","post","type-post","status-publish","format-standard","has-post-thumbnail","hentry","category-xeber"],"_links":{"self":[{"href":"https:\/\/millitv.net\/index.php?rest_route=\/wp\/v2\/posts\/2921","targetHints":{"allow":["GET"]}}],"collection":[{"href":"https:\/\/millitv.net\/index.php?rest_route=\/wp\/v2\/posts"}],"about":[{"href":"https:\/\/millitv.net\/index.php?rest_route=\/wp\/v2\/types\/post"}],"author":[{"embeddable":true,"href":"https:\/\/millitv.net\/index.php?rest_route=\/wp\/v2\/users\/1"}],"replies":[{"embeddable":true,"href":"https:\/\/millitv.net\/index.php?rest_route=%2Fwp%2Fv2%2Fcomments&post=2921"}],"version-history":[{"count":0,"href":"https:\/\/millitv.net\/index.php?rest_route=\/wp\/v2\/posts\/2921\/revisions"}],"wp:featuredmedia":[{"embeddable":true,"href":"https:\/\/millitv.net\/index.php?rest_route=\/wp\/v2\/media\/2922"}],"wp:attachment":[{"href":"https:\/\/millitv.net\/index.php?rest_route=%2Fwp%2Fv2%2Fmedia&parent=2921"}],"wp:term":[{"taxonomy":"category","embeddable":true,"href":"https:\/\/millitv.net\/index.php?rest_route=%2Fwp%2Fv2%2Fcategories&post=2921"},{"taxonomy":"post_tag","embeddable":true,"href":"https:\/\/millitv.net\/index.php?rest_route=%2Fwp%2Fv2%2Ftags&post=2921"}],"curies":[{"name":"wp","href":"https:\/\/api.w.org\/{rel}","templated":true}]}}