{"id":2915,"date":"2023-10-18T11:16:16","date_gmt":"2023-10-18T11:16:16","guid":{"rendered":"https:\/\/millinews.az\/xeber\/az%C9%99rbaycan-millisinin-avropa-cempionati-ucun-hey%C9%99ti-aciqlandi\/"},"modified":"2023-10-18T11:16:16","modified_gmt":"2023-10-18T11:16:16","slug":"az%C9%99rbaycan-millisinin-avropa-cempionati-ucun-hey%C9%99ti-aciqlandi","status":"publish","type":"post","link":"https:\/\/millitv.net\/?p=2915","title":{"rendered":"Az\u0259rbaycan millisinin Avropa \u00e7empionat\u0131 \u00fc\u00e7\u00fcn hey\u0259ti a\u00e7\u0131qland\u0131"},"content":{"rendered":"<div id=\"maincontent\">&#13;<br \/>\n        &#13;<\/p>\n<p><strong>Az\u0259rbaycan \u015fahmat millisinin Monteneqronun Budva \u015f\u0259h\u0259rind\u0259 ke\u00e7iril\u0259c\u0259k Avropa \u00e7empionat\u0131 \u00fc\u00e7\u00fcn hey\u0259ti a\u00e7\u0131qlan\u0131b.<\/strong>&#13;\n<\/p>\n<p><a href=\"https:\/\/Millinews.az\" target=\"_blank\" class=\"kw-link\" rel=\"noopener\">Millinews.az<\/a>-\u0131n Az\u0259rbaycan \u015eahmat Federasiyas\u0131n\u0131n m\u0259tbuat xidm\u0259tin\u0259 istinad\u0259n m\u0259lumat\u0131na g\u00f6r\u0259, komandalar aras\u0131nda yar\u0131\u015fa 5 ki\u015fi v\u0259 5 qad\u0131n \u015fahmat\u00e7\u0131 yollanacaq.<\/p>\n<p>Ki\u015fil\u0259rin qit\u0259 birinciliyind\u0259 \u015e\u0259hriyar M\u0259mm\u0259dyarov, Teymur R\u0259c\u0259bov, Nicat Abasov, Rauf M\u0259mm\u0259dov v\u0259 Vasif Durarb\u0259yli m\u00fcbariz\u0259 aparacaqlar. Q\u0259dir H\u00fcseynov millinin kapitan\u0131 olacaq.<\/p>\n<p>Qad\u0131n \u015fahmat\u00e7\u0131lardan ibar\u0259t hey\u0259t\u0259 G\u00fcnay M\u0259mm\u0259dzad\u0259, \u00dclviyy\u0259 F\u0259t\u0259liyeva, G\u00f6vh\u0259r Beydullayeva, Xan\u0131m Balacayeva v\u0259 G\u00fclnar M\u0259mm\u0259dova c\u0259lb olunublar. Mixail \u015eere\u015fevski il\u0259 Yevgeni Toma\u015fevski kapitan qismind\u0259 s\u0259f\u0259r\u0259 ged\u0259c\u0259kl\u0259r.<\/p>\n<p>Qeyd ed\u0259k ki, Avropa \u00e7empionat\u0131 10-21 noyabr tarixl\u0259rind\u0259 ke\u00e7iril\u0259c\u0259k.&#13;<br \/>\n        &#13;<br \/>\n&#13;<br \/>\n        &#13;<br \/>\n&#13;\n        <\/p>\n<p><noscript><\/p>\n<p>You must enable Javascript on your browser for the site to work optimally and display sections completely.<\/p>\n<p><\/noscript>\t\t&#13;<br \/>\n\t\t&#13;\n    <\/div>\n<p><script type=\"text\/javascript\">jQuery(document).ready(function () {\n(function(d, s, id) {\n    var js, fjs = d.getElementsByTagName(s)[0];\n    if (d.getElementById(id))\n        return;\n    js = d.createElement(s);\n    js.id = id;\n    js.src = \"\/\/connect.facebook.net\/az_AZ\/all.js#xfbml=1&appId=1002485763137712\";\n    fjs.parentNode.insertBefore(js, fjs);\n}(document, 'script', 'facebook-jssdk'));                \n});<\/script><\/p>\n","protected":false},"excerpt":{"rendered":"<p>&#13; &#13; Az\u0259rbaycan \u015fahmat millisinin Monteneqronun Budva \u015f\u0259h\u0259rind\u0259 ke\u00e7iril\u0259c\u0259k Avropa \u00e7empionat\u0131 \u00fc\u00e7\u00fcn hey\u0259ti a\u00e7\u0131qlan\u0131b.&#13; Millinews.az-\u0131n Az\u0259rbaycan \u015eahmat Federasiyas\u0131n\u0131n m\u0259tbuat xidm\u0259tin\u0259 istinad\u0259n m\u0259lumat\u0131na g\u00f6r\u0259, komandalar aras\u0131nda yar\u0131\u015fa 5 ki\u015fi v\u0259 5 qad\u0131n \u015fahmat\u00e7\u0131 yollanacaq. Ki\u015fil\u0259rin qit\u0259 birinciliyind\u0259 \u015e\u0259hriyar M\u0259mm\u0259dyarov, Teymur R\u0259c\u0259bov, Nicat Abasov, Rauf M\u0259mm\u0259dov v\u0259 Vasif Durarb\u0259yli m\u00fcbariz\u0259 aparacaqlar. Q\u0259dir H\u00fcseynov millinin kapitan\u0131 olacaq. Qad\u0131n &hellip;<\/p>\n","protected":false},"author":1,"featured_media":2916,"comment_status":"open","ping_status":"closed","sticky":false,"template":"","format":"standard","meta":{"footnotes":""},"categories":[9],"tags":[],"class_list":["post-2915","post","type-post","status-publish","format-standard","has-post-thumbnail","hentry","category-xeber"],"_links":{"self":[{"href":"https:\/\/millitv.net\/index.php?rest_route=\/wp\/v2\/posts\/2915","targetHints":{"allow":["GET"]}}],"collection":[{"href":"https:\/\/millitv.net\/index.php?rest_route=\/wp\/v2\/posts"}],"about":[{"href":"https:\/\/millitv.net\/index.php?rest_route=\/wp\/v2\/types\/post"}],"author":[{"embeddable":true,"href":"https:\/\/millitv.net\/index.php?rest_route=\/wp\/v2\/users\/1"}],"replies":[{"embeddable":true,"href":"https:\/\/millitv.net\/index.php?rest_route=%2Fwp%2Fv2%2Fcomments&post=2915"}],"version-history":[{"count":0,"href":"https:\/\/millitv.net\/index.php?rest_route=\/wp\/v2\/posts\/2915\/revisions"}],"wp:featuredmedia":[{"embeddable":true,"href":"https:\/\/millitv.net\/index.php?rest_route=\/wp\/v2\/media\/2916"}],"wp:attachment":[{"href":"https:\/\/millitv.net\/index.php?rest_route=%2Fwp%2Fv2%2Fmedia&parent=2915"}],"wp:term":[{"taxonomy":"category","embeddable":true,"href":"https:\/\/millitv.net\/index.php?rest_route=%2Fwp%2Fv2%2Fcategories&post=2915"},{"taxonomy":"post_tag","embeddable":true,"href":"https:\/\/millitv.net\/index.php?rest_route=%2Fwp%2Fv2%2Ftags&post=2915"}],"curies":[{"name":"wp","href":"https:\/\/api.w.org\/{rel}","templated":true}]}}