{"id":2909,"date":"2023-10-18T10:45:02","date_gmt":"2023-10-18T10:45:02","guid":{"rendered":"https:\/\/millinews.az\/xeber\/rusiya-ukrayna-muharib%C9%99sind%C9%99-daha-bir-az%C9%99rbaycanli-oldu\/"},"modified":"2023-10-18T10:45:02","modified_gmt":"2023-10-18T10:45:02","slug":"rusiya-ukrayna-muharib%C9%99sind%C9%99-daha-bir-az%C9%99rbaycanli-oldu","status":"publish","type":"post","link":"https:\/\/millitv.net\/?p=2909","title":{"rendered":"Rusiya-Ukrayna m\u00fcharib\u0259sind\u0259 daha bir az\u0259rbaycanl\u0131 \u00f6ld\u00fc"},"content":{"rendered":"<p><img decoding=\"async\" src=\"https:\/\/Millinews.az\/storage\/2017\/08\/08\/03-abs-generallari-rusiya-ile-muharibe-tez-mehvedici-ve-demek-olar-ki-qacilmaz-2234_(1).jpg\" alt=\"\" title=\"\"><\/p>\n<div id=\"mvp-content-main\">\n<p><strong>Rusiya-Ukrayna m\u00fcharib\u0259sinin gedi\u015find\u0259 daha bir h\u0259myerlimiz h\u0259lak olub.<\/strong><\/p>\n<p><strong><a target=\"_blank\" href=\"https:\/\/Millinews.az\" rel=\"noopener\">Millinews.az<\/a> <\/strong>x\u0259b\u0259r verir ki, Rusiya ordusu s\u0131ralar\u0131nda m\u00fcharib\u0259d\u0259 i\u015ftirak ed\u0259n A\u011fayev Elm\u0259ddin \u0130bad o\u011flu ald\u0131\u011f\u0131 x\u0259sar\u0259tl\u0259rd\u0259n v\u0259fat edib.<\/p>\n<p>Onun \u0259sl\u0259n C\u0259lilabad rayonundan oldu\u011fu bildirilir.<\/p>\n<\/p><\/div>\n<p><script>\n        (function (d, s, id) {\n            var js, fjs = d.getElementsByTagName(s)[0];\n            if (d.getElementById(id)) return;\n            js = d.createElement(s);\n            js.id = id;\n            js.src = \"\/\/connect.facebook.net\/az_AZ\/sdk.js#xfbml=1&version=v2.7&appId=\";\n            fjs.parentNode.insertBefore(js, fjs);\n        }(document, 'script', 'facebook-jssdk'));\n    <\/script><\/p>\n","protected":false},"excerpt":{"rendered":"<p>Rusiya-Ukrayna m\u00fcharib\u0259sinin gedi\u015find\u0259 daha bir h\u0259myerlimiz h\u0259lak olub. Millinews.az x\u0259b\u0259r verir ki, Rusiya ordusu s\u0131ralar\u0131nda m\u00fcharib\u0259d\u0259 i\u015ftirak ed\u0259n A\u011fayev Elm\u0259ddin \u0130bad o\u011flu ald\u0131\u011f\u0131 x\u0259sar\u0259tl\u0259rd\u0259n v\u0259fat edib. Onun \u0259sl\u0259n C\u0259lilabad rayonundan oldu\u011fu bildirilir.<\/p>\n","protected":false},"author":1,"featured_media":2910,"comment_status":"open","ping_status":"closed","sticky":false,"template":"","format":"standard","meta":{"footnotes":""},"categories":[9],"tags":[],"class_list":["post-2909","post","type-post","status-publish","format-standard","has-post-thumbnail","hentry","category-xeber"],"_links":{"self":[{"href":"https:\/\/millitv.net\/index.php?rest_route=\/wp\/v2\/posts\/2909","targetHints":{"allow":["GET"]}}],"collection":[{"href":"https:\/\/millitv.net\/index.php?rest_route=\/wp\/v2\/posts"}],"about":[{"href":"https:\/\/millitv.net\/index.php?rest_route=\/wp\/v2\/types\/post"}],"author":[{"embeddable":true,"href":"https:\/\/millitv.net\/index.php?rest_route=\/wp\/v2\/users\/1"}],"replies":[{"embeddable":true,"href":"https:\/\/millitv.net\/index.php?rest_route=%2Fwp%2Fv2%2Fcomments&post=2909"}],"version-history":[{"count":0,"href":"https:\/\/millitv.net\/index.php?rest_route=\/wp\/v2\/posts\/2909\/revisions"}],"wp:featuredmedia":[{"embeddable":true,"href":"https:\/\/millitv.net\/index.php?rest_route=\/wp\/v2\/media\/2910"}],"wp:attachment":[{"href":"https:\/\/millitv.net\/index.php?rest_route=%2Fwp%2Fv2%2Fmedia&parent=2909"}],"wp:term":[{"taxonomy":"category","embeddable":true,"href":"https:\/\/millitv.net\/index.php?rest_route=%2Fwp%2Fv2%2Fcategories&post=2909"},{"taxonomy":"post_tag","embeddable":true,"href":"https:\/\/millitv.net\/index.php?rest_route=%2Fwp%2Fv2%2Ftags&post=2909"}],"curies":[{"name":"wp","href":"https:\/\/api.w.org\/{rel}","templated":true}]}}