{"id":2889,"date":"2023-10-18T09:43:29","date_gmt":"2023-10-18T09:43:29","guid":{"rendered":"https:\/\/millinews.az\/xeber\/ag-evin-qarsisinda-etiraz-dayandirin\/"},"modified":"2023-10-18T09:43:29","modified_gmt":"2023-10-18T09:43:29","slug":"ag-evin-qarsisinda-etiraz-dayandirin","status":"publish","type":"post","link":"https:\/\/millitv.net\/?p=2889","title":{"rendered":"A\u011f Evin qar\u015f\u0131s\u0131nda etiraz: Dayand\u0131r\u0131n"},"content":{"rendered":"<p><img decoding=\"async\" src=\"https:\/\/Millinews.az\/storage\/2023\/10\/18\/abd-protesti-2125894_1.jpg\" alt=\"\" title=\"\"><\/p>\n<div id=\"mvp-content-main\">\n<p><strong>F\u0259l\u0259stin G\u0259nclik H\u0259r\u0259kat\u0131n\u0131n t\u0259\u015fkil etdiyi etiraz aksiyas\u0131 \u00e7\u0259r\u00e7iv\u0259sind\u0259 d\u00fcn\u0259n ax\u015fam saatlar\u0131nda y\u00fczl\u0259rl\u0259 insan A\u011f Evin qar\u015f\u0131s\u0131ndak\u0131 Lafayet park\u0131na topla\u015f\u0131b.<\/strong><\/p>\n<p><strong><a target=\"_blank\" href=\"https:\/\/Millinews.az\" rel=\"noopener\">Millinews.az<\/a><\/strong> x\u0259b\u0259r verir ki, \u0130srailin Q\u0259zzaya h\u00fccumlar\u0131na etiraz ed\u0259n y\u00fczl\u0259rl\u0259 insan \u0259ll\u0259rind\u0259 &#8220;F\u0259l\u0259stin soyq\u0131r\u0131m\u0131na son&#8221;, &#8220;Etnik t\u0259mizl\u0259m\u0259ni maliyy\u0259l\u0259\u015fdirm\u0259yi dayand\u0131r\u0131n&#8221; v\u0259 &#8220;Netanyahu m\u00fcharib\u0259 cinay\u0259tkar\u0131d\u0131r&#8221; yaz\u0131l\u0131 plakatlar qald\u0131r\u0131b.<\/p>\n<p>\u018fll\u0259rind\u0259 F\u0259l\u0259stin bayraqlar\u0131 da\u015f\u0131yan, &#8220;Azad F\u0259l\u0259stin&#8221; v\u0259 &#8220;Ya\u015fas\u0131n Q\u0259zza&#8221; \u015f\u00fcarlar\u0131 s\u0259sl\u0259ndir\u0259n n\u00fcmayi\u015f\u00e7il\u0259r \u0130srailin F\u0259l\u0259stin torpaqlar\u0131n\u0131n i\u015f\u011fal\u0131na son qoyma\u011fa \u00e7a\u011f\u0131r\u0131blar.<\/p>\n<p>N\u0259zrin<\/p>\n<\/p><\/div>\n<p><script>\n        (function (d, s, id) {\n            var js, fjs = d.getElementsByTagName(s)[0];\n            if (d.getElementById(id)) return;\n            js = d.createElement(s);\n            js.id = id;\n            js.src = \"\/\/connect.facebook.net\/az_AZ\/sdk.js#xfbml=1&version=v2.7&appId=\";\n            fjs.parentNode.insertBefore(js, fjs);\n        }(document, 'script', 'facebook-jssdk'));\n    <\/script><\/p>\n","protected":false},"excerpt":{"rendered":"<p>F\u0259l\u0259stin G\u0259nclik H\u0259r\u0259kat\u0131n\u0131n t\u0259\u015fkil etdiyi etiraz aksiyas\u0131 \u00e7\u0259r\u00e7iv\u0259sind\u0259 d\u00fcn\u0259n ax\u015fam saatlar\u0131nda y\u00fczl\u0259rl\u0259 insan A\u011f Evin qar\u015f\u0131s\u0131ndak\u0131 Lafayet park\u0131na topla\u015f\u0131b. Millinews.az x\u0259b\u0259r verir ki, \u0130srailin Q\u0259zzaya h\u00fccumlar\u0131na etiraz ed\u0259n y\u00fczl\u0259rl\u0259 insan \u0259ll\u0259rind\u0259 &#8220;F\u0259l\u0259stin soyq\u0131r\u0131m\u0131na son&#8221;, &#8220;Etnik t\u0259mizl\u0259m\u0259ni maliyy\u0259l\u0259\u015fdirm\u0259yi dayand\u0131r\u0131n&#8221; v\u0259 &#8220;Netanyahu m\u00fcharib\u0259 cinay\u0259tkar\u0131d\u0131r&#8221; yaz\u0131l\u0131 plakatlar qald\u0131r\u0131b. \u018fll\u0259rind\u0259 F\u0259l\u0259stin bayraqlar\u0131 da\u015f\u0131yan, &#8220;Azad F\u0259l\u0259stin&#8221; v\u0259 &#8220;Ya\u015fas\u0131n Q\u0259zza&#8221; \u015f\u00fcarlar\u0131 &hellip;<\/p>\n","protected":false},"author":1,"featured_media":2890,"comment_status":"open","ping_status":"closed","sticky":false,"template":"","format":"standard","meta":{"footnotes":""},"categories":[9],"tags":[],"class_list":["post-2889","post","type-post","status-publish","format-standard","has-post-thumbnail","hentry","category-xeber"],"_links":{"self":[{"href":"https:\/\/millitv.net\/index.php?rest_route=\/wp\/v2\/posts\/2889","targetHints":{"allow":["GET"]}}],"collection":[{"href":"https:\/\/millitv.net\/index.php?rest_route=\/wp\/v2\/posts"}],"about":[{"href":"https:\/\/millitv.net\/index.php?rest_route=\/wp\/v2\/types\/post"}],"author":[{"embeddable":true,"href":"https:\/\/millitv.net\/index.php?rest_route=\/wp\/v2\/users\/1"}],"replies":[{"embeddable":true,"href":"https:\/\/millitv.net\/index.php?rest_route=%2Fwp%2Fv2%2Fcomments&post=2889"}],"version-history":[{"count":0,"href":"https:\/\/millitv.net\/index.php?rest_route=\/wp\/v2\/posts\/2889\/revisions"}],"wp:featuredmedia":[{"embeddable":true,"href":"https:\/\/millitv.net\/index.php?rest_route=\/wp\/v2\/media\/2890"}],"wp:attachment":[{"href":"https:\/\/millitv.net\/index.php?rest_route=%2Fwp%2Fv2%2Fmedia&parent=2889"}],"wp:term":[{"taxonomy":"category","embeddable":true,"href":"https:\/\/millitv.net\/index.php?rest_route=%2Fwp%2Fv2%2Fcategories&post=2889"},{"taxonomy":"post_tag","embeddable":true,"href":"https:\/\/millitv.net\/index.php?rest_route=%2Fwp%2Fv2%2Ftags&post=2889"}],"curies":[{"name":"wp","href":"https:\/\/api.w.org\/{rel}","templated":true}]}}