{"id":2883,"date":"2023-10-18T09:22:02","date_gmt":"2023-10-18T09:22:02","guid":{"rendered":"https:\/\/millinews.az\/xeber\/bayden-israil%C9%99-s%C9%99f%C9%99r-etdi-video\/"},"modified":"2023-10-18T09:22:02","modified_gmt":"2023-10-18T09:22:02","slug":"bayden-israil%C9%99-s%C9%99f%C9%99r-etdi-video","status":"publish","type":"post","link":"https:\/\/millitv.net\/?p=2883","title":{"rendered":"Bayden \u0130srail\u0259 s\u0259f\u0259r etdi &#8211; V\u0130DEO"},"content":{"rendered":"<div id=\"maincontent\">&#13;<br \/>\n        &#13;<\/p>\n<p><strong>AB\u015e Prezidenti Co Bayden \u0130srail\u0259 s\u0259f\u0259r edib. <\/strong><\/p>\n<p><a href=\"https:\/\/Millinews.az\" target=\"_blank\" class=\"kw-link\" rel=\"noopener\">Millinews.az<\/a> x\u0259b\u0259r verir ki, Baydeni \u0130srailin ba\u015f naziri Binyamin Netanyahu qar\u015f\u0131lay\u0131b. Netanyahu d\u0259st\u0259y\u0259 g\u00f6r\u0259 Bayden\u0259 t\u0259\u015f\u0259kk\u00fcr edib.  &#13;\n<\/p>\n<p>M\u0259lumata g\u00f6r\u0259, Bayden ba\u015f nazir Benyamin Netanyahu il\u0259 g\u00f6r\u00fc\u015f\u00fc zaman\u0131 m\u00fch\u00fcm humanitar yard\u0131mlar\u0131n Q\u0259zzaya daxil olmas\u0131na icaz\u0259 verm\u0259k \u00fc\u00e7\u00fcn t\u0259zyiq g\u00f6st\u0259r\u0259c\u0259k. S\u0259f\u0259r zaman\u0131 AB\u015e prezidentinin \u00f6l\u0259n v\u0259 girov g\u00f6t\u00fcr\u00fclm\u00fc\u015f israillil\u0259rin ail\u0259l\u0259ri v\u0259 \u0130srail komandalar\u0131 il\u0259 d\u0259 g\u00f6r\u00fc\u015f\u00fc n\u0259z\u0259rd\u0259 tutulub. <\/p>\n<p>A\u011f Evin Milli T\u0259hl\u00fck\u0259sizlik \u015euras\u0131n\u0131n Strateji Kommunikasiyalar Koordinatoru Con Kirbi Baydenin s\u0259f\u0259ri zaman\u0131 b\u00f6lg\u0259d\u0259ki v\u0259ziyy\u0259tl\u0259 ba\u011fl\u0131 m\u0259lumat alaca\u011f\u0131n\u0131, \u0130srailin h\u0259d\u0259fl\u0259ri v\u0259 g\u0259l\u0259c\u0259k planlar\u0131 il\u0259 ba\u011fl\u0131 m\u00fczakir\u0259l\u0259r aparaca\u011f\u0131n\u0131 a\u00e7\u0131qlam\u0131\u015fd\u0131.<\/p>\n<p><iframe loading=\"lazy\" title=\"US President Joe Biden arrives in Israel  - BBC News\" width=\"500\" height=\"281\" src=\"https:\/\/www.youtube.com\/embed\/hMEe8Mcj1nI?feature=oembed\" frameborder=\"0\" allow=\"accelerometer; autoplay; clipboard-write; encrypted-media; gyroscope; picture-in-picture; web-share\" referrerpolicy=\"strict-origin-when-cross-origin\" allowfullscreen><\/iframe><br \/>&#13;<br \/>\n        &#13;<br \/>\n&#13;<br \/>\n        &#13;<br \/>\n&#13;\n        <\/p>\n<p><noscript><\/p>\n<p>You must enable Javascript on your browser for the site to work optimally and display sections completely.<\/p>\n<p><\/noscript>\t\t&#13;<br \/>\n\t\t&#13;\n    <\/div>\n<p><script type=\"text\/javascript\">jQuery(document).ready(function () {\n(function(d, s, id) {\n    var js, fjs = d.getElementsByTagName(s)[0];\n    if (d.getElementById(id))\n        return;\n    js = d.createElement(s);\n    js.id = id;\n    js.src = \"\/\/connect.facebook.net\/az_AZ\/all.js#xfbml=1&appId=1002485763137712\";\n    fjs.parentNode.insertBefore(js, fjs);\n}(document, 'script', 'facebook-jssdk'));                \n});<\/script><\/p>\n","protected":false},"excerpt":{"rendered":"<p>&#13; &#13; AB\u015e Prezidenti Co Bayden \u0130srail\u0259 s\u0259f\u0259r edib. Millinews.az x\u0259b\u0259r verir ki, Baydeni \u0130srailin ba\u015f naziri Binyamin Netanyahu qar\u015f\u0131lay\u0131b. Netanyahu d\u0259st\u0259y\u0259 g\u00f6r\u0259 Bayden\u0259 t\u0259\u015f\u0259kk\u00fcr edib. &#13; M\u0259lumata g\u00f6r\u0259, Bayden ba\u015f nazir Benyamin Netanyahu il\u0259 g\u00f6r\u00fc\u015f\u00fc zaman\u0131 m\u00fch\u00fcm humanitar yard\u0131mlar\u0131n Q\u0259zzaya daxil olmas\u0131na icaz\u0259 verm\u0259k \u00fc\u00e7\u00fcn t\u0259zyiq g\u00f6st\u0259r\u0259c\u0259k. S\u0259f\u0259r zaman\u0131 AB\u015e prezidentinin \u00f6l\u0259n v\u0259 girov &hellip;<\/p>\n","protected":false},"author":1,"featured_media":2884,"comment_status":"open","ping_status":"closed","sticky":false,"template":"","format":"standard","meta":{"footnotes":""},"categories":[9],"tags":[],"class_list":["post-2883","post","type-post","status-publish","format-standard","has-post-thumbnail","hentry","category-xeber"],"_links":{"self":[{"href":"https:\/\/millitv.net\/index.php?rest_route=\/wp\/v2\/posts\/2883","targetHints":{"allow":["GET"]}}],"collection":[{"href":"https:\/\/millitv.net\/index.php?rest_route=\/wp\/v2\/posts"}],"about":[{"href":"https:\/\/millitv.net\/index.php?rest_route=\/wp\/v2\/types\/post"}],"author":[{"embeddable":true,"href":"https:\/\/millitv.net\/index.php?rest_route=\/wp\/v2\/users\/1"}],"replies":[{"embeddable":true,"href":"https:\/\/millitv.net\/index.php?rest_route=%2Fwp%2Fv2%2Fcomments&post=2883"}],"version-history":[{"count":0,"href":"https:\/\/millitv.net\/index.php?rest_route=\/wp\/v2\/posts\/2883\/revisions"}],"wp:featuredmedia":[{"embeddable":true,"href":"https:\/\/millitv.net\/index.php?rest_route=\/wp\/v2\/media\/2884"}],"wp:attachment":[{"href":"https:\/\/millitv.net\/index.php?rest_route=%2Fwp%2Fv2%2Fmedia&parent=2883"}],"wp:term":[{"taxonomy":"category","embeddable":true,"href":"https:\/\/millitv.net\/index.php?rest_route=%2Fwp%2Fv2%2Fcategories&post=2883"},{"taxonomy":"post_tag","embeddable":true,"href":"https:\/\/millitv.net\/index.php?rest_route=%2Fwp%2Fv2%2Ftags&post=2883"}],"curies":[{"name":"wp","href":"https:\/\/api.w.org\/{rel}","templated":true}]}}