{"id":2859,"date":"2023-10-18T08:02:39","date_gmt":"2023-10-18T08:02:39","guid":{"rendered":"https:\/\/millinews.az\/xeber\/realdan-z%C9%99d%C9%99sini-sagaldan-arda-bar%C9%99d%C9%99-surpriz-q%C9%99rar\/"},"modified":"2023-10-18T08:02:39","modified_gmt":"2023-10-18T08:02:39","slug":"realdan-z%C9%99d%C9%99sini-sagaldan-arda-bar%C9%99d%C9%99-surpriz-q%C9%99rar","status":"publish","type":"post","link":"https:\/\/millitv.net\/?p=2859","title":{"rendered":"&#8220;Real&#8221;dan z\u0259d\u0259sini sa\u011faldan Arda bar\u0259d\u0259 s\u00fcrpriz q\u0259rar"},"content":{"rendered":"<div id=\"maincontent\">&#13;<br \/>\n        &#13;<\/p>\n<p><strong>&#8220;Real Madrid&#8221; z\u0259d\u0259sini yeni sa\u011faldan Arda G\u00fcl\u0259r \u00fc\u00e7\u00fcn ehtiyatl\u0131 davranacaq.<\/strong>&#13;\n<\/p>\n<p> <a href=\"https:\/\/Millinews.az\" target=\"_blank\" class=\"kw-link\" rel=\"noopener\">Millinews.az<\/a> x\u0259b\u0259r verir ki, texniki hey\u0259t Ardan\u0131n meydana \u00e7\u0131xmas\u0131n\u0131n t\u0259xir\u0259 sal\u0131nmas\u0131n\u0131 q\u0259rarla\u015fd\u0131r\u0131b. \u201cMarca\u201d q\u0259zetinin m\u0259lumat\u0131na g\u00f6r\u0259, qar\u015f\u0131dak\u0131 oyunlardan meydana \u00e7\u0131xaca\u011f\u0131 g\u00f6zl\u0259nil\u0259n Arda h\u0259l\u0259 bir m\u00fcdd\u0259t g\u00f6zl\u0259m\u0259li olacaq. \u201cReal Madrid\u201din texniki hey\u0259ti hesab edir ki, futbol\u00e7unu komandan\u0131n mat\u00e7 haz\u0131rl\u0131\u011f\u0131na inteqrasiya etm\u0259zd\u0259n \u0259vv\u0259l onun fiziki g\u00fcc\u00fcn\u00fc yax\u015f\u0131la\u015fd\u0131rmaq laz\u0131md\u0131r. <\/p>\n<p>Qeyd ed\u0259k ki, Arda G\u00fcler \u201cReal Madrid\u201dd\u0259 iki d\u0259f\u0259 z\u0259d\u0259l\u0259nib. Onun yax\u0131n oyunlarda meydana \u00e7\u0131xaca\u011f\u0131 ir\u0259li s\u00fcr\u00fcl\u00fcrd\u00fc. &#13;<br \/>\n        &#13;<br \/>\n&#13;<br \/>\n        &#13;<br \/>\n&#13;\n        <\/p>\n<p><noscript><\/p>\n<p>You must enable Javascript on your browser for the site to work optimally and display sections completely.<\/p>\n<p><\/noscript>\t\t&#13;<br \/>\n\t\t&#13;\n    <\/div>\n<p><script type=\"text\/javascript\">jQuery(document).ready(function () {\n(function(d, s, id) {\n    var js, fjs = d.getElementsByTagName(s)[0];\n    if (d.getElementById(id))\n        return;\n    js = d.createElement(s);\n    js.id = id;\n    js.src = \"\/\/connect.facebook.net\/az_AZ\/all.js#xfbml=1&appId=1002485763137712\";\n    fjs.parentNode.insertBefore(js, fjs);\n}(document, 'script', 'facebook-jssdk'));                \n});<\/script><\/p>\n","protected":false},"excerpt":{"rendered":"<p>&#13; &#13; &#8220;Real Madrid&#8221; z\u0259d\u0259sini yeni sa\u011faldan Arda G\u00fcl\u0259r \u00fc\u00e7\u00fcn ehtiyatl\u0131 davranacaq.&#13; Millinews.az x\u0259b\u0259r verir ki, texniki hey\u0259t Ardan\u0131n meydana \u00e7\u0131xmas\u0131n\u0131n t\u0259xir\u0259 sal\u0131nmas\u0131n\u0131 q\u0259rarla\u015fd\u0131r\u0131b. \u201cMarca\u201d q\u0259zetinin m\u0259lumat\u0131na g\u00f6r\u0259, qar\u015f\u0131dak\u0131 oyunlardan meydana \u00e7\u0131xaca\u011f\u0131 g\u00f6zl\u0259nil\u0259n Arda h\u0259l\u0259 bir m\u00fcdd\u0259t g\u00f6zl\u0259m\u0259li olacaq. \u201cReal Madrid\u201din texniki hey\u0259ti hesab edir ki, futbol\u00e7unu komandan\u0131n mat\u00e7 haz\u0131rl\u0131\u011f\u0131na inteqrasiya etm\u0259zd\u0259n \u0259vv\u0259l onun fiziki &hellip;<\/p>\n","protected":false},"author":1,"featured_media":2860,"comment_status":"open","ping_status":"closed","sticky":false,"template":"","format":"standard","meta":{"footnotes":""},"categories":[9],"tags":[],"class_list":["post-2859","post","type-post","status-publish","format-standard","has-post-thumbnail","hentry","category-xeber"],"_links":{"self":[{"href":"https:\/\/millitv.net\/index.php?rest_route=\/wp\/v2\/posts\/2859","targetHints":{"allow":["GET"]}}],"collection":[{"href":"https:\/\/millitv.net\/index.php?rest_route=\/wp\/v2\/posts"}],"about":[{"href":"https:\/\/millitv.net\/index.php?rest_route=\/wp\/v2\/types\/post"}],"author":[{"embeddable":true,"href":"https:\/\/millitv.net\/index.php?rest_route=\/wp\/v2\/users\/1"}],"replies":[{"embeddable":true,"href":"https:\/\/millitv.net\/index.php?rest_route=%2Fwp%2Fv2%2Fcomments&post=2859"}],"version-history":[{"count":0,"href":"https:\/\/millitv.net\/index.php?rest_route=\/wp\/v2\/posts\/2859\/revisions"}],"wp:featuredmedia":[{"embeddable":true,"href":"https:\/\/millitv.net\/index.php?rest_route=\/wp\/v2\/media\/2860"}],"wp:attachment":[{"href":"https:\/\/millitv.net\/index.php?rest_route=%2Fwp%2Fv2%2Fmedia&parent=2859"}],"wp:term":[{"taxonomy":"category","embeddable":true,"href":"https:\/\/millitv.net\/index.php?rest_route=%2Fwp%2Fv2%2Fcategories&post=2859"},{"taxonomy":"post_tag","embeddable":true,"href":"https:\/\/millitv.net\/index.php?rest_route=%2Fwp%2Fv2%2Ftags&post=2859"}],"curies":[{"name":"wp","href":"https:\/\/api.w.org\/{rel}","templated":true}]}}