{"id":2833,"date":"2023-10-18T06:39:35","date_gmt":"2023-10-18T06:39:35","guid":{"rendered":"https:\/\/millinews.az\/xeber\/turkiy%C9%99li-nazir-bu-gun-bakiya-g%C9%99lir\/"},"modified":"2023-10-18T06:39:35","modified_gmt":"2023-10-18T06:39:35","slug":"turkiy%C9%99li-nazir-bu-gun-bakiya-g%C9%99lir","status":"publish","type":"post","link":"https:\/\/millitv.net\/?p=2833","title":{"rendered":"T\u00fcrkiy\u0259li nazir bu g\u00fcn Bak\u0131ya g\u0259lir"},"content":{"rendered":"<p><img decoding=\"async\" src=\"https:\/\/Millinews.az\/storage\/2023\/10\/18\/rrr.jpg\" alt=\"\" title=\"\"><\/p>\n<div id=\"mvp-content-main\">\n<p><strong>T\u00fcrkiy\u0259nin ail\u0259 v\u0259 sosial xidm\u0259tl\u0259r naziri Mahinur \u00d6zdemir G\u00f6kta\u015f bu g\u00fcn Bak\u0131ya g\u0259lir.<\/strong><\/p>\n<p><strong><a target=\"_blank\" href=\"https:\/\/Millinews.az\" rel=\"noopener\">Millinews.az<\/a><\/strong>  x\u0259b\u0259r verir ki, bu bar\u0259d\u0259 \u201cAnadolu\u201d m\u0259lumat yay\u0131b.<\/p>\n<p>O, Ail\u0259, Qad\u0131n v\u0259 U\u015faq Probleml\u0259ri \u00fczr\u0259 D\u00f6vl\u0259t Komit\u0259sinin s\u0259dri Bahar Muradova, \u0259m\u0259k v\u0259 \u0259halinin sosial m\u00fcdafi\u0259si naziri Sahil Babayev v\u0259 Milli M\u0259clisin s\u0259dri Sahib\u0259 Qafarova il\u0259 g\u00f6r\u00fc\u015f\u0259c\u0259k.<\/p>\n<p>T\u0259r\u0259fl\u0259rin ikit\u0259r\u0259fli \u0259laq\u0259l\u0259ri m\u00fczakir\u0259 ed\u0259c\u0259kl\u0259ri g\u00f6zl\u0259nilir.<\/p>\n<p>Qonaq \u015e\u0259hidl\u0259r Xiyaban\u0131n\u0131 v\u0259 Bak\u0131dak\u0131 &#8220;T\u00fcrk \u015e\u0259hidliyi&#8221; abid\u0259sini ziyar\u0259t ed\u0259c\u0259k.<\/p>\n<\/p><\/div>\n<p><script>\n        (function (d, s, id) {\n            var js, fjs = d.getElementsByTagName(s)[0];\n            if (d.getElementById(id)) return;\n            js = d.createElement(s);\n            js.id = id;\n            js.src = \"\/\/connect.facebook.net\/az_AZ\/sdk.js#xfbml=1&version=v2.7&appId=\";\n            fjs.parentNode.insertBefore(js, fjs);\n        }(document, 'script', 'facebook-jssdk'));\n    <\/script><\/p>\n","protected":false},"excerpt":{"rendered":"<p>T\u00fcrkiy\u0259nin ail\u0259 v\u0259 sosial xidm\u0259tl\u0259r naziri Mahinur \u00d6zdemir G\u00f6kta\u015f bu g\u00fcn Bak\u0131ya g\u0259lir. Millinews.az x\u0259b\u0259r verir ki, bu bar\u0259d\u0259 \u201cAnadolu\u201d m\u0259lumat yay\u0131b. O, Ail\u0259, Qad\u0131n v\u0259 U\u015faq Probleml\u0259ri \u00fczr\u0259 D\u00f6vl\u0259t Komit\u0259sinin s\u0259dri Bahar Muradova, \u0259m\u0259k v\u0259 \u0259halinin sosial m\u00fcdafi\u0259si naziri Sahil Babayev v\u0259 Milli M\u0259clisin s\u0259dri Sahib\u0259 Qafarova il\u0259 g\u00f6r\u00fc\u015f\u0259c\u0259k. T\u0259r\u0259fl\u0259rin ikit\u0259r\u0259fli \u0259laq\u0259l\u0259ri m\u00fczakir\u0259 ed\u0259c\u0259kl\u0259ri &hellip;<\/p>\n","protected":false},"author":1,"featured_media":2834,"comment_status":"open","ping_status":"closed","sticky":false,"template":"","format":"standard","meta":{"footnotes":""},"categories":[9],"tags":[],"class_list":["post-2833","post","type-post","status-publish","format-standard","has-post-thumbnail","hentry","category-xeber"],"_links":{"self":[{"href":"https:\/\/millitv.net\/index.php?rest_route=\/wp\/v2\/posts\/2833","targetHints":{"allow":["GET"]}}],"collection":[{"href":"https:\/\/millitv.net\/index.php?rest_route=\/wp\/v2\/posts"}],"about":[{"href":"https:\/\/millitv.net\/index.php?rest_route=\/wp\/v2\/types\/post"}],"author":[{"embeddable":true,"href":"https:\/\/millitv.net\/index.php?rest_route=\/wp\/v2\/users\/1"}],"replies":[{"embeddable":true,"href":"https:\/\/millitv.net\/index.php?rest_route=%2Fwp%2Fv2%2Fcomments&post=2833"}],"version-history":[{"count":0,"href":"https:\/\/millitv.net\/index.php?rest_route=\/wp\/v2\/posts\/2833\/revisions"}],"wp:featuredmedia":[{"embeddable":true,"href":"https:\/\/millitv.net\/index.php?rest_route=\/wp\/v2\/media\/2834"}],"wp:attachment":[{"href":"https:\/\/millitv.net\/index.php?rest_route=%2Fwp%2Fv2%2Fmedia&parent=2833"}],"wp:term":[{"taxonomy":"category","embeddable":true,"href":"https:\/\/millitv.net\/index.php?rest_route=%2Fwp%2Fv2%2Fcategories&post=2833"},{"taxonomy":"post_tag","embeddable":true,"href":"https:\/\/millitv.net\/index.php?rest_route=%2Fwp%2Fv2%2Ftags&post=2833"}],"curies":[{"name":"wp","href":"https:\/\/api.w.org\/{rel}","templated":true}]}}