{"id":2807,"date":"2023-10-18T05:10:27","date_gmt":"2023-10-18T05:10:27","guid":{"rendered":"https:\/\/millinews.az\/xeber\/mehriban-eliyeva-must%C9%99qilliyin-b%C9%99rpasi-gunu-il%C9%99-bagli-paylasim-edib\/"},"modified":"2023-10-18T05:10:27","modified_gmt":"2023-10-18T05:10:27","slug":"mehriban-eliyeva-must%C9%99qilliyin-b%C9%99rpasi-gunu-il%C9%99-bagli-paylasim-edib","status":"publish","type":"post","link":"https:\/\/millitv.net\/?p=2807","title":{"rendered":"Mehriban \u018fliyeva M\u00fcst\u0259qilliyin B\u0259rpas\u0131 G\u00fcn\u00fc il\u0259 ba\u011fl\u0131 payla\u015f\u0131m edib"},"content":{"rendered":"<div id=\"maincontent\">&#13;<br \/>\n        &#13;<\/p>\n<p><strong>Az\u0259rbaycan\u0131n Birinci vitse-prezidenti Mehriban \u018fliyeva r\u0259smi instaqram s\u0259hif\u0259sind\u0259 M\u00fcst\u0259qilliyin B\u0259rpas\u0131 G\u00fcn\u00fc il\u0259 ba\u011fl\u0131 payla\u015f\u0131m edib.<\/strong><\/p>\n<p><a href=\"https:\/\/Millinews.az\" target=\"_blank\" class=\"kw-link\" rel=\"noopener\">Millinews.az<\/a>  payla\u015f\u0131m\u0131 t\u0259qdim edir: \u201c18 oktyabr. M\u00fcst\u0259qilliyin B\u0259rpas\u0131 G\u00fcn\u00fc\u201d.<br \/>&#13;<br \/>\n<iframe class=\"instagram-media instagram-media-rendered\" id=\"instagram-embed-0\" src=\"https:\/\/www.instagram.com\/p\/Cygzak1sFmN\/embed\/captioned\/?cr=1&amp;v=14&amp;wp=432&amp;rd=https%3A%2F%2Freport.az&amp;rp=%2Fdaxili-siyaset%2Fbirinci-vitse-prezident-mehriban-eliyeva-musteqilliyin-berpasi-gunu-ile-bagli-paylasim-edib%2F#%7B%22ci%22%3A0%2C%22os%22%3A1537.4000000059605%2C%22ls%22%3A400.40000000596046%2C%22le%22%3A1252.5%7D\" allowtransparency=\"true\" allowfullscreen=\"true\" frameborder=\"0\" height=\"834\" data-instgrm-payload-id=\"instagram-media-payload-0\" scrolling=\"no\" style=\"margin: 0px 0px 12px; padding: 0px; display: block; max-width: 540px; color: rgb(53, 53, 53); font-family: &quot;montserrat medium&quot;, sans-serif; font-size: 17px; letter-spacing: 0.6px; background-image: initial; background-position: initial; background-size: initial; background-repeat: initial; background-attachment: initial; background-origin: initial; background-clip: initial; width: calc(100% - 2px); border-radius: 3px; border-width: 1px; border-style: solid; border-color: rgb(219, 219, 219); box-shadow: none; min-width: 326px;\"><\/iframe>&#13;<br \/>\n        &#13;<br \/>\n&#13;<br \/>\n        &#13;<br \/>\n&#13;\n        <\/p>\n<p><noscript><\/p>\n<p>You must enable Javascript on your browser for the site to work optimally and display sections completely.<\/p>\n<p><\/noscript>\t\t&#13;<br \/>\n\t\t&#13;\n    <\/div>\n<p><script type=\"text\/javascript\">jQuery(document).ready(function () {\n(function(d, s, id) {\n    var js, fjs = d.getElementsByTagName(s)[0];\n    if (d.getElementById(id))\n        return;\n    js = d.createElement(s);\n    js.id = id;\n    js.src = \"\/\/connect.facebook.net\/az_AZ\/all.js#xfbml=1&appId=1002485763137712\";\n    fjs.parentNode.insertBefore(js, fjs);\n}(document, 'script', 'facebook-jssdk'));                \n});<\/script><script async defer src=\"https:\/\/platform.instagram.com\/en_US\/embeds.js\"><\/script><\/p>\n","protected":false},"excerpt":{"rendered":"<p>&#13; &#13; Az\u0259rbaycan\u0131n Birinci vitse-prezidenti Mehriban \u018fliyeva r\u0259smi instaqram s\u0259hif\u0259sind\u0259 M\u00fcst\u0259qilliyin B\u0259rpas\u0131 G\u00fcn\u00fc il\u0259 ba\u011fl\u0131 payla\u015f\u0131m edib. Millinews.az payla\u015f\u0131m\u0131 t\u0259qdim edir: \u201c18 oktyabr. M\u00fcst\u0259qilliyin B\u0259rpas\u0131 G\u00fcn\u00fc\u201d.&#13; &#13; &#13; &#13; &#13; &#13; You must enable Javascript on your browser for the site to work optimally and display sections completely. &#13; &#13;<\/p>\n","protected":false},"author":1,"featured_media":2808,"comment_status":"open","ping_status":"closed","sticky":false,"template":"","format":"standard","meta":{"footnotes":""},"categories":[9],"tags":[],"class_list":["post-2807","post","type-post","status-publish","format-standard","has-post-thumbnail","hentry","category-xeber"],"_links":{"self":[{"href":"https:\/\/millitv.net\/index.php?rest_route=\/wp\/v2\/posts\/2807","targetHints":{"allow":["GET"]}}],"collection":[{"href":"https:\/\/millitv.net\/index.php?rest_route=\/wp\/v2\/posts"}],"about":[{"href":"https:\/\/millitv.net\/index.php?rest_route=\/wp\/v2\/types\/post"}],"author":[{"embeddable":true,"href":"https:\/\/millitv.net\/index.php?rest_route=\/wp\/v2\/users\/1"}],"replies":[{"embeddable":true,"href":"https:\/\/millitv.net\/index.php?rest_route=%2Fwp%2Fv2%2Fcomments&post=2807"}],"version-history":[{"count":0,"href":"https:\/\/millitv.net\/index.php?rest_route=\/wp\/v2\/posts\/2807\/revisions"}],"wp:featuredmedia":[{"embeddable":true,"href":"https:\/\/millitv.net\/index.php?rest_route=\/wp\/v2\/media\/2808"}],"wp:attachment":[{"href":"https:\/\/millitv.net\/index.php?rest_route=%2Fwp%2Fv2%2Fmedia&parent=2807"}],"wp:term":[{"taxonomy":"category","embeddable":true,"href":"https:\/\/millitv.net\/index.php?rest_route=%2Fwp%2Fv2%2Fcategories&post=2807"},{"taxonomy":"post_tag","embeddable":true,"href":"https:\/\/millitv.net\/index.php?rest_route=%2Fwp%2Fv2%2Ftags&post=2807"}],"curies":[{"name":"wp","href":"https:\/\/api.w.org\/{rel}","templated":true}]}}