{"id":2761,"date":"2023-10-17T22:06:14","date_gmt":"2023-10-17T22:06:14","guid":{"rendered":"https:\/\/millinews.az\/xeber\/hizbullah-israil%C9%99-qarsi-q%C9%99z%C9%99b-gunu-elan-etdi\/"},"modified":"2023-10-17T22:06:14","modified_gmt":"2023-10-17T22:06:14","slug":"hizbullah-israil%C9%99-qarsi-q%C9%99z%C9%99b-gunu-elan-etdi","status":"publish","type":"post","link":"https:\/\/millitv.net\/?p=2761","title":{"rendered":"&#8220;Hizbullah&#8221; \u0130srail\u0259 qar\u015f\u0131 &#8220;q\u0259z\u0259b g\u00fcn\u00fc&#8221; ELAN ETD\u0130"},"content":{"rendered":"<p><img decoding=\"async\" src=\"https:\/\/Millinews.az\/storage\/2023\/10\/18\/hisbulla_israil.jpg\" alt=\"\" title=\"\"><\/p>\n<div id=\"mvp-content-main\">\n<p><strong>Livandak\u0131 \u015fi\u0259 &#8220;Hizbullah&#8221; h\u0259r\u0259kat\u0131 Q\u0259zza zola\u011f\u0131nda x\u0259st\u0259xanaya h\u00fccuma g\u00f6r\u0259 \u0130srail\u0259 qar\u015f\u0131 &#8220;q\u0259z\u0259b g\u00fcn\u00fc&#8221; elan edib.<\/strong><\/p>\n<p><strong><a target=\"_blank\" href=\"https:\/\/Millinews.az\" rel=\"noopener\">Millinews.az<\/a><\/strong> x\u0259b\u0259r verir ki, bu bar\u0259d\u0259 &#8220;R\u0130A Novosti&#8221; m\u0259lumat yay\u0131b.<\/p>\n<p>H\u0259r\u0259kat liderl\u0259ri b\u00fct\u00fcn \u0259r\u0259b v\u0259 m\u00fcs\u0259lman \u00f6lk\u0259l\u0259rinin \u0259halisini etiraza \u00e7a\u011f\u0131r\u0131b.<\/p>\n<p>&#8220;\u00c7\u0259r\u015f\u0259nb\u0259 g\u00fcn\u00fc d\u00fc\u015fm\u0259n\u0259 v\u0259 onun cinay\u0259tl\u0259rin\u0259, el\u0259c\u0259 d\u0259 bu cinay\u0259tkar varl\u0131\u011f\u0131 \u00f6rt-basd\u0131r etm\u0259k v\u0259 qorumaq m\u0259qs\u0259di da\u015f\u0131yan AB\u015e prezidenti Co Baydenin \u0130srail\u0259 s\u0259f\u0259rin\u0259 qar\u015f\u0131 g\u00f6r\u00fcnm\u0259mi\u015f q\u0259z\u0259b g\u00fcn\u00fc olacaq&#8221;, &#8211; m\u0259lumatda deyilir.<\/p>\n<p><strong>Qeyd ed\u0259 ki, \u0130srail M\u00fcdafi\u0259 Q\u00fcvv\u0259l\u0259ri (IDF) Q\u0259zza zola\u011f\u0131nda x\u0259st\u0259xanaya h\u00fccuma g\u00f6r\u0259 &#8220;\u0130slami Cihad&#8221; qrupla\u015fmas\u0131n\u0131n m\u0259suliyy\u0259t da\u015f\u0131d\u0131\u011f\u0131n\u0131 elan edib.<\/strong><\/p>\n<p>H\u00fcseyn \u0130badl\u0131<\/p>\n<\/p><\/div>\n<p><script>\n        (function (d, s, id) {\n            var js, fjs = d.getElementsByTagName(s)[0];\n            if (d.getElementById(id)) return;\n            js = d.createElement(s);\n            js.id = id;\n            js.src = \"\/\/connect.facebook.net\/az_AZ\/sdk.js#xfbml=1&version=v2.7&appId=\";\n            fjs.parentNode.insertBefore(js, fjs);\n        }(document, 'script', 'facebook-jssdk'));\n    <\/script><\/p>\n","protected":false},"excerpt":{"rendered":"<p>Livandak\u0131 \u015fi\u0259 &#8220;Hizbullah&#8221; h\u0259r\u0259kat\u0131 Q\u0259zza zola\u011f\u0131nda x\u0259st\u0259xanaya h\u00fccuma g\u00f6r\u0259 \u0130srail\u0259 qar\u015f\u0131 &#8220;q\u0259z\u0259b g\u00fcn\u00fc&#8221; elan edib. Millinews.az x\u0259b\u0259r verir ki, bu bar\u0259d\u0259 &#8220;R\u0130A Novosti&#8221; m\u0259lumat yay\u0131b. H\u0259r\u0259kat liderl\u0259ri b\u00fct\u00fcn \u0259r\u0259b v\u0259 m\u00fcs\u0259lman \u00f6lk\u0259l\u0259rinin \u0259halisini etiraza \u00e7a\u011f\u0131r\u0131b. &#8220;\u00c7\u0259r\u015f\u0259nb\u0259 g\u00fcn\u00fc d\u00fc\u015fm\u0259n\u0259 v\u0259 onun cinay\u0259tl\u0259rin\u0259, el\u0259c\u0259 d\u0259 bu cinay\u0259tkar varl\u0131\u011f\u0131 \u00f6rt-basd\u0131r etm\u0259k v\u0259 qorumaq m\u0259qs\u0259di da\u015f\u0131yan AB\u015e prezidenti Co &hellip;<\/p>\n","protected":false},"author":1,"featured_media":2762,"comment_status":"open","ping_status":"closed","sticky":false,"template":"","format":"standard","meta":{"footnotes":""},"categories":[9],"tags":[],"class_list":["post-2761","post","type-post","status-publish","format-standard","has-post-thumbnail","hentry","category-xeber"],"_links":{"self":[{"href":"https:\/\/millitv.net\/index.php?rest_route=\/wp\/v2\/posts\/2761","targetHints":{"allow":["GET"]}}],"collection":[{"href":"https:\/\/millitv.net\/index.php?rest_route=\/wp\/v2\/posts"}],"about":[{"href":"https:\/\/millitv.net\/index.php?rest_route=\/wp\/v2\/types\/post"}],"author":[{"embeddable":true,"href":"https:\/\/millitv.net\/index.php?rest_route=\/wp\/v2\/users\/1"}],"replies":[{"embeddable":true,"href":"https:\/\/millitv.net\/index.php?rest_route=%2Fwp%2Fv2%2Fcomments&post=2761"}],"version-history":[{"count":0,"href":"https:\/\/millitv.net\/index.php?rest_route=\/wp\/v2\/posts\/2761\/revisions"}],"wp:featuredmedia":[{"embeddable":true,"href":"https:\/\/millitv.net\/index.php?rest_route=\/wp\/v2\/media\/2762"}],"wp:attachment":[{"href":"https:\/\/millitv.net\/index.php?rest_route=%2Fwp%2Fv2%2Fmedia&parent=2761"}],"wp:term":[{"taxonomy":"category","embeddable":true,"href":"https:\/\/millitv.net\/index.php?rest_route=%2Fwp%2Fv2%2Fcategories&post=2761"},{"taxonomy":"post_tag","embeddable":true,"href":"https:\/\/millitv.net\/index.php?rest_route=%2Fwp%2Fv2%2Ftags&post=2761"}],"curies":[{"name":"wp","href":"https:\/\/api.w.org\/{rel}","templated":true}]}}