{"id":2687,"date":"2023-10-17T17:31:08","date_gmt":"2023-10-17T17:31:08","guid":{"rendered":"https:\/\/millinews.az\/xeber\/oxu-az-anar-bagirov-turkm%C9%99nistanin-x%C9%99b%C9%99r-portalina-musahib%C9%99-verib\/"},"modified":"2023-10-17T17:31:08","modified_gmt":"2023-10-17T17:31:08","slug":"oxu-az-anar-bagirov-turkm%C9%99nistanin-x%C9%99b%C9%99r-portalina-musahib%C9%99-verib","status":"publish","type":"post","link":"https:\/\/millitv.net\/?p=2687","title":{"rendered":"Millinews.az &#8211; Anar Ba\u011f\u0131rov T\u00fcrkm\u0259nistan\u0131n x\u0259b\u0259r portal\u0131na m\u00fcsahib\u0259 verib"},"content":{"rendered":"<p><img decoding=\"async\" src=\"https:\/\/cdn.oxu.az\/uploads\/W1siZiIsIjIwMjMvMTAvMTcvMjAvNDYvNDIvYzdhZjljMjYtM2U2Yi00ZTY3LWE1MzItMGRhMzNlYzhiNmZjL1doYXRzQXBwIEltYWdlIDIwMjMtMTAtMTcgYXQgMjAuNDQuMTMuanBlZyJdLFsicCIsImVuY29kZSIsImpwZyIsIi1xdWFsaXR5IDgwIl0sWyJwIiwidGh1bWIiLCI2MjB4NDY1XHUwMDNlIl1d?sha=41c6da7898b96d27\" alt=\"\" title=\"\"><\/p>\n<div><a class=\"subs-in-social subs-whatsapp\" href=\"https:\/\/whatsapp.com\/channel\/0029VaAakbx89ingOoeiTp40\" target=\"_blank\" rel=\"noopener\"><\/p>\n<p>Bizim WhatsApp kanal\u0131m\u0131za buradan abun\u0259 ola bil\u0259rsiniz<\/p>\n<p><\/a><\/p>\n<p>Az\u0259rbaycan V\u0259kill\u0259r Kollegiyas\u0131n\u0131n s\u0259dri Anar Ba\u011f\u0131rov T\u00fcrkm\u0259nistan\u0131n \u201cTurkmenportal\u201d x\u0259b\u0259r informasiya portal\u0131na m\u00fcsahib\u0259 verib.<\/p>\n<p>Bu bar\u0259d\u0259 Kollegiyan\u0131n \u201cFacebook\u201d s\u0259hif\u0259sind\u0259 payla\u015f\u0131m edilib.<\/p>\n<p>Qeyd ed\u0259k ki, Avropa \u015euras\u0131, Avropa \u0130ttifaq\u0131 v\u0259 T\u00fcrkm\u0259nistan \u018fdliyy\u0259 Nazirliyinin birg\u0259 t\u0259\u015fkilat\u00e7\u0131l\u0131\u011f\u0131 il\u0259 ke\u00e7irilmi\u015f bu m\u00fch\u00fcm konfrans\u0131n \u0259sas m\u0259qs\u0259di T\u00fcrkm\u0259nistanda vahid V\u0259kill\u0259r Kollegiyas\u0131n\u0131n yarad\u0131lmas\u0131 v\u0259 \u0259dal\u0259t m\u00fchakim\u0259sin\u0259 \u00e7at\u0131ml\u0131l\u0131\u011f\u0131n g\u00fccl\u0259ndirilm\u0259sidir.<\/p>\n<p>Anar Ba\u011f\u0131rovun m\u00fcsahib\u0259sini t\u0259qdim edirik:<\/p>\n<p><iframe loading=\"lazy\" title=\"Anar Ba\u011f\u0131rov T\u00fcrkm\u0259nistan\u0131n x\u0259b\u0259r portal\u0131na m\u00fcsahib\u0259 verib\" width=\"500\" height=\"281\" src=\"https:\/\/www.youtube.com\/embed\/QaGNf51QZzM?feature=oembed\" frameborder=\"0\" allow=\"accelerometer; autoplay; clipboard-write; encrypted-media; gyroscope; picture-in-picture; web-share\" referrerpolicy=\"strict-origin-when-cross-origin\" allowfullscreen><\/iframe><\/p>\n<\/div>\n","protected":false},"excerpt":{"rendered":"<p>Bizim WhatsApp kanal\u0131m\u0131za buradan abun\u0259 ola bil\u0259rsiniz Az\u0259rbaycan V\u0259kill\u0259r Kollegiyas\u0131n\u0131n s\u0259dri Anar Ba\u011f\u0131rov T\u00fcrkm\u0259nistan\u0131n \u201cTurkmenportal\u201d x\u0259b\u0259r informasiya portal\u0131na m\u00fcsahib\u0259 verib. Bu bar\u0259d\u0259 Kollegiyan\u0131n \u201cFacebook\u201d s\u0259hif\u0259sind\u0259 payla\u015f\u0131m edilib. Qeyd ed\u0259k ki, Avropa \u015euras\u0131, Avropa \u0130ttifaq\u0131 v\u0259 T\u00fcrkm\u0259nistan \u018fdliyy\u0259 Nazirliyinin birg\u0259 t\u0259\u015fkilat\u00e7\u0131l\u0131\u011f\u0131 il\u0259 ke\u00e7irilmi\u015f bu m\u00fch\u00fcm konfrans\u0131n \u0259sas m\u0259qs\u0259di T\u00fcrkm\u0259nistanda vahid V\u0259kill\u0259r Kollegiyas\u0131n\u0131n yarad\u0131lmas\u0131 v\u0259 \u0259dal\u0259t m\u00fchakim\u0259sin\u0259 &hellip;<\/p>\n","protected":false},"author":1,"featured_media":2688,"comment_status":"open","ping_status":"closed","sticky":false,"template":"","format":"standard","meta":{"footnotes":""},"categories":[9],"tags":[],"class_list":["post-2687","post","type-post","status-publish","format-standard","has-post-thumbnail","hentry","category-xeber"],"_links":{"self":[{"href":"https:\/\/millitv.net\/index.php?rest_route=\/wp\/v2\/posts\/2687","targetHints":{"allow":["GET"]}}],"collection":[{"href":"https:\/\/millitv.net\/index.php?rest_route=\/wp\/v2\/posts"}],"about":[{"href":"https:\/\/millitv.net\/index.php?rest_route=\/wp\/v2\/types\/post"}],"author":[{"embeddable":true,"href":"https:\/\/millitv.net\/index.php?rest_route=\/wp\/v2\/users\/1"}],"replies":[{"embeddable":true,"href":"https:\/\/millitv.net\/index.php?rest_route=%2Fwp%2Fv2%2Fcomments&post=2687"}],"version-history":[{"count":0,"href":"https:\/\/millitv.net\/index.php?rest_route=\/wp\/v2\/posts\/2687\/revisions"}],"wp:featuredmedia":[{"embeddable":true,"href":"https:\/\/millitv.net\/index.php?rest_route=\/wp\/v2\/media\/2688"}],"wp:attachment":[{"href":"https:\/\/millitv.net\/index.php?rest_route=%2Fwp%2Fv2%2Fmedia&parent=2687"}],"wp:term":[{"taxonomy":"category","embeddable":true,"href":"https:\/\/millitv.net\/index.php?rest_route=%2Fwp%2Fv2%2Fcategories&post=2687"},{"taxonomy":"post_tag","embeddable":true,"href":"https:\/\/millitv.net\/index.php?rest_route=%2Fwp%2Fv2%2Ftags&post=2687"}],"curies":[{"name":"wp","href":"https:\/\/api.w.org\/{rel}","templated":true}]}}