{"id":2673,"date":"2023-10-17T16:40:13","date_gmt":"2023-10-17T16:40:13","guid":{"rendered":"https:\/\/millinews.az\/xeber\/elmira-axundovaya-v%C9%99zif%C9%99-verildi-serencam\/"},"modified":"2023-10-17T16:40:13","modified_gmt":"2023-10-17T16:40:13","slug":"elmira-axundovaya-v%C9%99zif%C9%99-verildi-serencam","status":"publish","type":"post","link":"https:\/\/millitv.net\/?p=2673","title":{"rendered":"Elmira Axundovaya v\u0259zif\u0259 verildi &#8211; S\u018fR\u018fNCAM"},"content":{"rendered":"<div id=\"maincontent\">&#13;<br \/>\n        &#13;<\/p>\n<p><strong>Elmira Axundova Bak\u0131 Beyn\u0259lxalq Multikulturalizm M\u0259rk\u0259zinin Himay\u0259\u00e7ilik \u015euras\u0131 \u00fczv\u00fc t\u0259yin olunub.<\/strong><\/p>\n<p><a href=\"https:\/\/Millinews.az\" target=\"_blank\" class=\"kw-link\" rel=\"noopener\">Millinews.az<\/a> x\u0259b\u0259r verir ki, bu bar\u0259d\u0259 Prezident \u0130lham \u018fliyev S\u0259r\u0259ncam imzalay\u0131b. &#13;\n<\/p>\n<p>Qeyd ed\u0259k ki, Elmira Axundova Milli M\u0259clisin deputat\u0131 v\u0259 Az\u0259rbaycan\u0131n Ukraynadak\u0131 s\u0259firi v\u0259zif\u0259l\u0259rind\u0259 i\u015fl\u0259yib.&#13;<br \/>\n        &#13;<br \/>\n&#13;<br \/>\n        &#13;<br \/>\n&#13;\n        <\/p>\n<p><noscript><\/p>\n<p>You must enable Javascript on your browser for the site to work optimally and display sections completely.<\/p>\n<p><\/noscript>\t\t&#13;<br \/>\n\t\t&#13;\n    <\/div>\n<p><script type=\"text\/javascript\">jQuery(document).ready(function () {\n(function(d, s, id) {\n    var js, fjs = d.getElementsByTagName(s)[0];\n    if (d.getElementById(id))\n        return;\n    js = d.createElement(s);\n    js.id = id;\n    js.src = \"\/\/connect.facebook.net\/az_AZ\/all.js#xfbml=1&appId=1002485763137712\";\n    fjs.parentNode.insertBefore(js, fjs);\n}(document, 'script', 'facebook-jssdk'));                \n});<\/script><\/p>\n","protected":false},"excerpt":{"rendered":"<p>&#13; &#13; Elmira Axundova Bak\u0131 Beyn\u0259lxalq Multikulturalizm M\u0259rk\u0259zinin Himay\u0259\u00e7ilik \u015euras\u0131 \u00fczv\u00fc t\u0259yin olunub. Millinews.az x\u0259b\u0259r verir ki, bu bar\u0259d\u0259 Prezident \u0130lham \u018fliyev S\u0259r\u0259ncam imzalay\u0131b. &#13; Qeyd ed\u0259k ki, Elmira Axundova Milli M\u0259clisin deputat\u0131 v\u0259 Az\u0259rbaycan\u0131n Ukraynadak\u0131 s\u0259firi v\u0259zif\u0259l\u0259rind\u0259 i\u015fl\u0259yib.&#13; &#13; &#13; &#13; &#13; You must enable Javascript on your browser for the site to work &hellip;<\/p>\n","protected":false},"author":1,"featured_media":2674,"comment_status":"open","ping_status":"closed","sticky":false,"template":"","format":"standard","meta":{"footnotes":""},"categories":[9],"tags":[],"class_list":["post-2673","post","type-post","status-publish","format-standard","has-post-thumbnail","hentry","category-xeber"],"_links":{"self":[{"href":"https:\/\/millitv.net\/index.php?rest_route=\/wp\/v2\/posts\/2673","targetHints":{"allow":["GET"]}}],"collection":[{"href":"https:\/\/millitv.net\/index.php?rest_route=\/wp\/v2\/posts"}],"about":[{"href":"https:\/\/millitv.net\/index.php?rest_route=\/wp\/v2\/types\/post"}],"author":[{"embeddable":true,"href":"https:\/\/millitv.net\/index.php?rest_route=\/wp\/v2\/users\/1"}],"replies":[{"embeddable":true,"href":"https:\/\/millitv.net\/index.php?rest_route=%2Fwp%2Fv2%2Fcomments&post=2673"}],"version-history":[{"count":0,"href":"https:\/\/millitv.net\/index.php?rest_route=\/wp\/v2\/posts\/2673\/revisions"}],"wp:featuredmedia":[{"embeddable":true,"href":"https:\/\/millitv.net\/index.php?rest_route=\/wp\/v2\/media\/2674"}],"wp:attachment":[{"href":"https:\/\/millitv.net\/index.php?rest_route=%2Fwp%2Fv2%2Fmedia&parent=2673"}],"wp:term":[{"taxonomy":"category","embeddable":true,"href":"https:\/\/millitv.net\/index.php?rest_route=%2Fwp%2Fv2%2Fcategories&post=2673"},{"taxonomy":"post_tag","embeddable":true,"href":"https:\/\/millitv.net\/index.php?rest_route=%2Fwp%2Fv2%2Ftags&post=2673"}],"curies":[{"name":"wp","href":"https:\/\/api.w.org\/{rel}","templated":true}]}}