{"id":2671,"date":"2023-10-17T16:25:06","date_gmt":"2023-10-17T16:25:06","guid":{"rendered":"https:\/\/millinews.az\/xeber\/livandan-israil%C9%99-tank-%C9%99leyhin%C9%99-raket-atilib\/"},"modified":"2023-10-17T16:25:06","modified_gmt":"2023-10-17T16:25:06","slug":"livandan-israil%C9%99-tank-%C9%99leyhin%C9%99-raket-atilib","status":"publish","type":"post","link":"https:\/\/millitv.net\/?p=2671","title":{"rendered":"Livandan \u0130srail\u0259 tank \u0259leyhin\u0259 raket at\u0131l\u0131b"},"content":{"rendered":"<p><img decoding=\"async\" src=\"https:\/\/cdn.oxu.az\/uploads\/W1siZiIsIjIwMjMvMTAvMTcvMTUvMDgvNTcvM2Y2OGUzOGEtZTMzZi00ZDI3LWIzNGEtOTk5NjAzNWVjOTdiL0ZvdG9KZXQgLSAyMDIzLTEwLTE3VDE1MDg0OC43NzMuanBnIl0sWyJwIiwiZW5jb2RlIiwianBnIiwiLXF1YWxpdHkgODAiXSxbInAiLCJ0aHVtYiIsIjYyMHg0NjVcdTAwM2UiXV0?sha=47eb63fa3c857111\" alt=\"\" title=\"\"><\/p>\n<div><a class=\"subs-in-social subs-whatsapp\" href=\"https:\/\/whatsapp.com\/channel\/0029VaAakbx89ingOoeiTp40\" target=\"_blank\" rel=\"noopener\"><\/p>\n<p>Bizim WhatsApp kanal\u0131m\u0131za buradan abun\u0259 ola bil\u0259rsiniz<\/p>\n<p><\/a><\/p>\n<p>\u0130srail M\u00fcdafi\u0259 Q\u00fcvv\u0259l\u0259ri daha bir tank \u0259leyhin\u0259 raketin Livandan at\u0131ld\u0131\u011f\u0131n\u0131 bildirib.<\/p>\n<p>M\u0259lumata g\u00f6r\u0259, bu raket \u015fimaldak\u0131 Marqaliot icmas\u0131 yax\u0131nl\u0131\u011f\u0131ndak\u0131 h\u0259rbi posta at\u0131l\u0131b.<\/p>\n<p>Qeyd olunur ki, bu, g\u00fcn \u0259rzind\u0259 \u201cHizbullah\u201d terror qrupla\u015fmas\u0131 t\u0259r\u0259find\u0259n h\u0259yata ke\u00e7iril\u0259n ikinci raket h\u00fccumudur.<\/p>\n<p>\u0130tkil\u0259r bar\u0259d\u0259 m\u0259lumat verilmir.<\/p>\n<p>M\u0259nb\u0259: timesofisrael<\/p>\n<\/div>\n","protected":false},"excerpt":{"rendered":"<p>Bizim WhatsApp kanal\u0131m\u0131za buradan abun\u0259 ola bil\u0259rsiniz \u0130srail M\u00fcdafi\u0259 Q\u00fcvv\u0259l\u0259ri daha bir tank \u0259leyhin\u0259 raketin Livandan at\u0131ld\u0131\u011f\u0131n\u0131 bildirib. M\u0259lumata g\u00f6r\u0259, bu raket \u015fimaldak\u0131 Marqaliot icmas\u0131 yax\u0131nl\u0131\u011f\u0131ndak\u0131 h\u0259rbi posta at\u0131l\u0131b. Qeyd olunur ki, bu, g\u00fcn \u0259rzind\u0259 \u201cHizbullah\u201d terror qrupla\u015fmas\u0131 t\u0259r\u0259find\u0259n h\u0259yata ke\u00e7iril\u0259n ikinci raket h\u00fccumudur. \u0130tkil\u0259r bar\u0259d\u0259 m\u0259lumat verilmir. M\u0259nb\u0259: timesofisrael<\/p>\n","protected":false},"author":1,"featured_media":2672,"comment_status":"open","ping_status":"closed","sticky":false,"template":"","format":"standard","meta":{"footnotes":""},"categories":[9],"tags":[],"class_list":["post-2671","post","type-post","status-publish","format-standard","has-post-thumbnail","hentry","category-xeber"],"_links":{"self":[{"href":"https:\/\/millitv.net\/index.php?rest_route=\/wp\/v2\/posts\/2671","targetHints":{"allow":["GET"]}}],"collection":[{"href":"https:\/\/millitv.net\/index.php?rest_route=\/wp\/v2\/posts"}],"about":[{"href":"https:\/\/millitv.net\/index.php?rest_route=\/wp\/v2\/types\/post"}],"author":[{"embeddable":true,"href":"https:\/\/millitv.net\/index.php?rest_route=\/wp\/v2\/users\/1"}],"replies":[{"embeddable":true,"href":"https:\/\/millitv.net\/index.php?rest_route=%2Fwp%2Fv2%2Fcomments&post=2671"}],"version-history":[{"count":0,"href":"https:\/\/millitv.net\/index.php?rest_route=\/wp\/v2\/posts\/2671\/revisions"}],"wp:featuredmedia":[{"embeddable":true,"href":"https:\/\/millitv.net\/index.php?rest_route=\/wp\/v2\/media\/2672"}],"wp:attachment":[{"href":"https:\/\/millitv.net\/index.php?rest_route=%2Fwp%2Fv2%2Fmedia&parent=2671"}],"wp:term":[{"taxonomy":"category","embeddable":true,"href":"https:\/\/millitv.net\/index.php?rest_route=%2Fwp%2Fv2%2Fcategories&post=2671"},{"taxonomy":"post_tag","embeddable":true,"href":"https:\/\/millitv.net\/index.php?rest_route=%2Fwp%2Fv2%2Ftags&post=2671"}],"curies":[{"name":"wp","href":"https:\/\/api.w.org\/{rel}","templated":true}]}}